{"id":2359,"date":"2025-04-11T17:38:02","date_gmt":"2025-04-11T15:38:02","guid":{"rendered":"https:\/\/agora.xtec.cat\/afa-ripolles\/?p=2359"},"modified":"2025-04-11T17:38:02","modified_gmt":"2025-04-11T15:38:02","slug":"concurs-literari-sant-jordi-2025","status":"publish","type":"post","link":"https:\/\/agora.xtec.cat\/afa-ripolles\/general\/concurs-literari-sant-jordi-2025\/","title":{"rendered":"CONCURS LITERARI SANT JORDI 2025."},"content":{"rendered":"<h5 style=\"text-align: center;\">En Marxa el Concurs Literari de Sant Jordi 2025!!!<\/h5>\n<h5 style=\"text-align: center;\">En total, s\u00b4han presentat una trentena d\u00b4obres.<\/h5>\n<h5 style=\"text-align: center;\">Aix\u00f2 vol dir que els tres membres del jurat hauran de deliberar for\u00e7a!!!<\/h5>\n<h5 style=\"text-align: center;\">El lliurament de premis es far\u00e0 el dimecres, dia de Sant Jordi, a les 16h a la Pla\u00e7a de Sant Eudald, a on el nostre Centre hi tindr\u00e0 una parada amb intercanvi de llibres usats i una xocolatada solid\u00e0ria!!!<\/h5>\n<p style=\"text-align: center;\">\n<h5 style=\"text-align: center;\"><strong>PROPERAMENT, M\u00c9S INFORMACI\u00d3!!!<\/strong><\/h5>\n<p style=\"text-align: center;\">\n<h4 style=\"text-align: center;\"><strong>NO DEIXEU DE VISITAR- NOS!!!<\/strong><\/h4>\n<p>&nbsp;<\/p>\n<p style=\"text-align: center;\"><a href=\"https:\/\/agora.xtec.cat\/afa-ripolles\/wp-content\/uploads\/usu252\/2025\/04\/licensed-image-copia.jpg\"><img loading=\"lazy\" decoding=\"async\" class=\"aligncenter size-full wp-image-2361\" src=\"https:\/\/agora.xtec.cat\/afa-ripolles\/wp-content\/uploads\/usu252\/2025\/04\/licensed-image-copia.jpg\" alt=\"\" width=\"270\" height=\"270\" srcset=\"https:\/\/agora.xtec.cat\/afa-ripolles\/wp-content\/uploads\/usu252\/2025\/04\/licensed-image-copia.jpg 270w, https:\/\/agora.xtec.cat\/afa-ripolles\/wp-content\/uploads\/usu252\/2025\/04\/licensed-image-copia-150x150.jpg 150w\" sizes=\"auto, (max-width: 270px) 100vw, 270px\" \/><\/a><\/p>\n","protected":false},"excerpt":{"rendered":"<p>En Marxa el Concurs Literari de Sant Jordi 2025!!! En total, s\u00b4han presentat una trentena d\u00b4obres. Aix\u00f2 vol dir que els tres membres del jurat hauran de deliberar for\u00e7a!!! El lliurament de premis es far\u00e0 el dimecres, dia de Sant Jordi, a les 16h a la Pla\u00e7a de Sant Eudald, a on el nostre Centre [&hellip;]<\/p>\n","protected":false},"author":1,"featured_media":2361,"comment_status":"open","ping_status":"closed","sticky":false,"template":"","format":"standard","meta":{"_bbp_topic_count":0,"_bbp_reply_count":0,"_bbp_total_topic_count":0,"_bbp_total_reply_count":0,"_bbp_voice_count":0,"_bbp_anonymous_reply_count":0,"_bbp_topic_count_hidden":0,"_bbp_reply_count_hidden":0,"_bbp_forum_subforum_count":0,"site-sidebar-layout":"default","site-content-layout":"","ast-site-content-layout":"","site-content-style":"default","site-sidebar-style":"default","ast-global-header-display":"","ast-banner-title-visibility":"","ast-main-header-display":"","ast-hfb-above-header-display":"","ast-hfb-below-header-display":"","ast-hfb-mobile-header-display":"","site-post-title":"","ast-breadcrumbs-content":"","ast-featured-img":"","footer-sml-layout":"","theme-transparent-header-meta":"","adv-header-id-meta":"","stick-header-meta":"","header-above-stick-meta":"","header-main-stick-meta":"","header-below-stick-meta":"","astra-migrate-meta-layouts":"default","ast-page-background-enabled":"default","ast-page-background-meta":{"desktop":{"background-color":"var(--ast-global-color-4)","background-image":"","background-repeat":"repeat","background-position":"center center","background-size":"auto","background-attachment":"scroll","background-type":"","background-media":"","overlay-type":"","overlay-color":"","overlay-opacity":"","overlay-gradient":""},"tablet":{"background-color":"","background-image":"","background-repeat":"repeat","background-position":"center center","background-size":"auto","background-attachment":"scroll","background-type":"","background-media":"","overlay-type":"","overlay-color":"","overlay-opacity":"","overlay-gradient":""},"mobile":{"background-color":"","background-image":"","background-repeat":"repeat","background-position":"center center","background-size":"auto","background-attachment":"scroll","background-type":"","background-media":"","overlay-type":"","overlay-color":"","overlay-opacity":"","overlay-gradient":""}},"ast-content-background-meta":{"desktop":{"background-color":"var(--ast-global-color-5)","background-image":"","background-repeat":"repeat","background-position":"center center","background-size":"auto","background-attachment":"scroll","background-type":"","background-media":"","overlay-type":"","overlay-color":"","overlay-opacity":"","overlay-gradient":""},"tablet":{"background-color":"var(--ast-global-color-5)","background-image":"","background-repeat":"repeat","background-position":"center center","background-size":"auto","background-attachment":"scroll","background-type":"","background-media":"","overlay-type":"","overlay-color":"","overlay-opacity":"","overlay-gradient":""},"mobile":{"background-color":"var(--ast-global-color-5)","background-image":"","background-repeat":"repeat","background-position":"center center","background-size":"auto","background-attachment":"scroll","background-type":"","background-media":"","overlay-type":"","overlay-color":"","overlay-opacity":"","overlay-gradient":""}},"footnotes":""},"categories":[1,29],"tags":[38],"class_list":["post-2359","post","type-post","status-publish","format-standard","has-post-thumbnail","hentry","category-general","category-portada","tag-sant-jordi"],"post_mailing_queue_ids":[],"_links":{"self":[{"href":"https:\/\/agora.xtec.cat\/afa-ripolles\/wp-json\/wp\/v2\/posts\/2359","targetHints":{"allow":["GET"]}}],"collection":[{"href":"https:\/\/agora.xtec.cat\/afa-ripolles\/wp-json\/wp\/v2\/posts"}],"about":[{"href":"https:\/\/agora.xtec.cat\/afa-ripolles\/wp-json\/wp\/v2\/types\/post"}],"author":[{"embeddable":true,"href":"https:\/\/agora.xtec.cat\/afa-ripolles\/wp-json\/wp\/v2\/users\/1"}],"replies":[{"embeddable":true,"href":"https:\/\/agora.xtec.cat\/afa-ripolles\/wp-json\/wp\/v2\/comments?post=2359"}],"version-history":[{"count":2,"href":"https:\/\/agora.xtec.cat\/afa-ripolles\/wp-json\/wp\/v2\/posts\/2359\/revisions"}],"predecessor-version":[{"id":2362,"href":"https:\/\/agora.xtec.cat\/afa-ripolles\/wp-json\/wp\/v2\/posts\/2359\/revisions\/2362"}],"wp:featuredmedia":[{"embeddable":true,"href":"https:\/\/agora.xtec.cat\/afa-ripolles\/wp-json\/wp\/v2\/media\/2361"}],"wp:attachment":[{"href":"https:\/\/agora.xtec.cat\/afa-ripolles\/wp-json\/wp\/v2\/media?parent=2359"}],"wp:term":[{"taxonomy":"category","embeddable":true,"href":"https:\/\/agora.xtec.cat\/afa-ripolles\/wp-json\/wp\/v2\/categories?post=2359"},{"taxonomy":"post_tag","embeddable":true,"href":"https:\/\/agora.xtec.cat\/afa-ripolles\/wp-json\/wp\/v2\/tags?post=2359"}],"curies":[{"name":"wp","href":"https:\/\/api.w.org\/{rel}","templated":true}]}}