{"id":984,"date":"2021-12-16T17:24:49","date_gmt":"2021-12-16T16:24:49","guid":{"rendered":"https:\/\/agora.xtec.cat\/acad-cultura\/?p=984"},"modified":"2021-12-16T20:01:17","modified_gmt":"2021-12-16T19:01:17","slug":"anullacio-visita-rei-mag","status":"publish","type":"post","link":"https:\/\/agora.xtec.cat\/acad-cultura\/general\/anullacio-visita-rei-mag\/","title":{"rendered":"Anul\u00b7laci\u00f3 de la visita del Rei Mag"},"content":{"rendered":"<p>Estimats alumnes i fam\u00edlies, lamentem informar que el Rei Mag que ens pensava visitar dem\u00e0, ens ha comunicat que, degut a l\u2019increment de casos de COVID, <strong>ja no podr\u00e0 passar-se pel col\u00b7legi.<\/strong> Malgrat aix\u00f2, ens ha dit que no cal que ning\u00fa es preocupi, perqu\u00e8 la nit de reis passar\u00e0, com sempre, per totes les cases i deixar\u00e0 un munt de regals a tots els nens i nenes.<\/p>\n<p>Sigueu bons i bones!!!<\/p>\n","protected":false},"excerpt":{"rendered":"<p>Estimats alumnes i fam\u00edlies, lamentem informar que el Rei Mag que ens pensava visitar dem\u00e0, ens ha comunicat que, degut a l\u2019increment de casos de COVID, ja no podr\u00e0 passar-se pel col\u00b7legi. Malgrat aix\u00f2, ens ha dit que no cal que ning\u00fa es preocupi, perqu\u00e8&hellip;  <a href=\"https:\/\/agora.xtec.cat\/acad-cultura\/general\/anullacio-visita-rei-mag\/\" title=\"Read Anul\u00b7laci\u00f3 de la visita del Rei Mag\">Llegeix m\u00e9s\u00bb<\/a><\/p>\n","protected":false},"author":4,"featured_media":985,"comment_status":"open","ping_status":"closed","sticky":false,"template":"","format":"standard","meta":{"_bbp_topic_count":0,"_bbp_reply_count":0,"_bbp_total_topic_count":0,"_bbp_total_reply_count":0,"_bbp_voice_count":0,"_bbp_anonymous_reply_count":0,"_bbp_topic_count_hidden":0,"_bbp_reply_count_hidden":0,"_bbp_forum_subforum_count":0,"footnotes":""},"categories":[1],"tags":[],"class_list":["post-984","post","type-post","status-publish","format-standard","has-post-thumbnail","hentry","category-general"],"post_mailing_queue_ids":[],"_links":{"self":[{"href":"https:\/\/agora.xtec.cat\/acad-cultura\/wp-json\/wp\/v2\/posts\/984","targetHints":{"allow":["GET"]}}],"collection":[{"href":"https:\/\/agora.xtec.cat\/acad-cultura\/wp-json\/wp\/v2\/posts"}],"about":[{"href":"https:\/\/agora.xtec.cat\/acad-cultura\/wp-json\/wp\/v2\/types\/post"}],"author":[{"embeddable":true,"href":"https:\/\/agora.xtec.cat\/acad-cultura\/wp-json\/wp\/v2\/users\/4"}],"replies":[{"embeddable":true,"href":"https:\/\/agora.xtec.cat\/acad-cultura\/wp-json\/wp\/v2\/comments?post=984"}],"version-history":[{"count":3,"href":"https:\/\/agora.xtec.cat\/acad-cultura\/wp-json\/wp\/v2\/posts\/984\/revisions"}],"predecessor-version":[{"id":989,"href":"https:\/\/agora.xtec.cat\/acad-cultura\/wp-json\/wp\/v2\/posts\/984\/revisions\/989"}],"wp:featuredmedia":[{"embeddable":true,"href":"https:\/\/agora.xtec.cat\/acad-cultura\/wp-json\/wp\/v2\/media\/985"}],"wp:attachment":[{"href":"https:\/\/agora.xtec.cat\/acad-cultura\/wp-json\/wp\/v2\/media?parent=984"}],"wp:term":[{"taxonomy":"category","embeddable":true,"href":"https:\/\/agora.xtec.cat\/acad-cultura\/wp-json\/wp\/v2\/categories?post=984"},{"taxonomy":"post_tag","embeddable":true,"href":"https:\/\/agora.xtec.cat\/acad-cultura\/wp-json\/wp\/v2\/tags?post=984"}],"curies":[{"name":"wp","href":"https:\/\/api.w.org\/{rel}","templated":true}]}}