{"id":967,"date":"2021-12-14T18:09:16","date_gmt":"2021-12-14T17:09:16","guid":{"rendered":"https:\/\/agora.xtec.cat\/acad-cultura\/?p=967"},"modified":"2021-12-14T19:54:19","modified_gmt":"2021-12-14T18:54:19","slug":"campanya-de-recollida-daliments","status":"publish","type":"post","link":"https:\/\/agora.xtec.cat\/acad-cultura\/general\/campanya-de-recollida-daliments\/","title":{"rendered":"Campanya de recollida d&#8217;aliments"},"content":{"rendered":"<p>&nbsp;<\/p>\n<p>Com cada any per aquestes dates, l&#8217;Acad\u00e8mia fa una campanya de recollida d&#8217;aliments per a la gent necessitada del barri. Els alumnes de 4t d&#8217;E.S.O. s&#8217;encarregaran, des d&#8217;avui dimarts fins al proper divendres 17, de muntar un parell de taules al carrer, difondre la campanya entre els vianants i recollir els aliments que els ve\u00efns i les fam\u00edlies vulguin aportar. \u00a0Una vegada finalitzada la campanya es portaran tots els aliments recollits a la parr\u00f2quia del barri (Mare de D\u00e9u dels Desemparats) per a la seva distribuci\u00f3 entre les persones m\u00e9s necessitades del barri.<\/p>\n<p><strong>US ANIMEN A QUE PARTICIPEU, PENSEU QUE AMB PETITS GESTOS ES PODEN FER MOLTES COSES !!!<\/strong><\/p>\n","protected":false},"excerpt":{"rendered":"<p>&nbsp;<br \/>\nCom cada any per aquestes dates, l&#8217;Acad\u00e8mia fa una campanya de recollida d&#8217;aliments per a la gent necessitada del barri. Els alumnes de 4t d&#8217;E.S.O. s&#8217;encarregaran, des d&#8217;avui dimarts fins al proper divendres 17, de muntar un parell de taules al carrer, difondre la campanya&hellip;  <a href=\"https:\/\/agora.xtec.cat\/acad-cultura\/general\/campanya-de-recollida-daliments\/\" title=\"Read Campanya de recollida d&#8217;aliments\">Llegeix m\u00e9s\u00bb<\/a><\/p>\n","protected":false},"author":4,"featured_media":975,"comment_status":"open","ping_status":"closed","sticky":false,"template":"","format":"standard","meta":{"_bbp_topic_count":0,"_bbp_reply_count":0,"_bbp_total_topic_count":0,"_bbp_total_reply_count":0,"_bbp_voice_count":0,"_bbp_anonymous_reply_count":0,"_bbp_topic_count_hidden":0,"_bbp_reply_count_hidden":0,"_bbp_forum_subforum_count":0,"footnotes":""},"categories":[1,132],"tags":[],"class_list":["post-967","post","type-post","status-publish","format-standard","has-post-thumbnail","hentry","category-general","category-nadal"],"post_mailing_queue_ids":[],"_links":{"self":[{"href":"https:\/\/agora.xtec.cat\/acad-cultura\/wp-json\/wp\/v2\/posts\/967","targetHints":{"allow":["GET"]}}],"collection":[{"href":"https:\/\/agora.xtec.cat\/acad-cultura\/wp-json\/wp\/v2\/posts"}],"about":[{"href":"https:\/\/agora.xtec.cat\/acad-cultura\/wp-json\/wp\/v2\/types\/post"}],"author":[{"embeddable":true,"href":"https:\/\/agora.xtec.cat\/acad-cultura\/wp-json\/wp\/v2\/users\/4"}],"replies":[{"embeddable":true,"href":"https:\/\/agora.xtec.cat\/acad-cultura\/wp-json\/wp\/v2\/comments?post=967"}],"version-history":[{"count":3,"href":"https:\/\/agora.xtec.cat\/acad-cultura\/wp-json\/wp\/v2\/posts\/967\/revisions"}],"predecessor-version":[{"id":977,"href":"https:\/\/agora.xtec.cat\/acad-cultura\/wp-json\/wp\/v2\/posts\/967\/revisions\/977"}],"wp:featuredmedia":[{"embeddable":true,"href":"https:\/\/agora.xtec.cat\/acad-cultura\/wp-json\/wp\/v2\/media\/975"}],"wp:attachment":[{"href":"https:\/\/agora.xtec.cat\/acad-cultura\/wp-json\/wp\/v2\/media?parent=967"}],"wp:term":[{"taxonomy":"category","embeddable":true,"href":"https:\/\/agora.xtec.cat\/acad-cultura\/wp-json\/wp\/v2\/categories?post=967"},{"taxonomy":"post_tag","embeddable":true,"href":"https:\/\/agora.xtec.cat\/acad-cultura\/wp-json\/wp\/v2\/tags?post=967"}],"curies":[{"name":"wp","href":"https:\/\/api.w.org\/{rel}","templated":true}]}}