{"id":964,"date":"2021-12-03T11:09:13","date_gmt":"2021-12-03T10:09:13","guid":{"rendered":"https:\/\/agora.xtec.cat\/acad-cultura\/?p=964"},"modified":"2021-12-03T11:09:13","modified_gmt":"2021-12-03T10:09:13","slug":"taller-de-dibuix-urba","status":"publish","type":"post","link":"https:\/\/agora.xtec.cat\/acad-cultura\/general\/taller-de-dibuix-urba\/","title":{"rendered":"Taller de dibuix urb\u00e0"},"content":{"rendered":"<p>El passat dissabte 27 de novembre, dues de les nostres alumnes van participar, com a representants del centre, en un taller de dibuix urb\u00e0.<\/p>\n<p>L\u2019activitat estava organitzada per la coordinadora d\u2019AMPAS ENDAVANT i va tenir lloc a Torre Barrina.<\/p>\n<p>Per comen\u00e7ar l\u2019activitat, van veure i comentar una exposici\u00f3 i posteriorment van sortir a dibuixar a l\u2019aire lliure al Parc de la Marquesa.<\/p>\n<p>El taller estava a c\u00e0rrec del dibuixant Ra\u00fal Deamo, qui va donar molts consells de dibuix a les participants.<\/p>\n<p>Al gener, rebrem les bases per tornar a participar en la nova edici\u00f3 del concurs de C\u00f2mic i Dibuix de Monuments i Edificis Hist\u00f2rics de Collblanc &#8211; La Torrassa.<\/p>\n","protected":false},"excerpt":{"rendered":"<p>El passat dissabte 27 de novembre, dues de les nostres alumnes van participar, com a representants del centre, en un taller de dibuix urb\u00e0.<br \/>\nL\u2019activitat estava organitzada per la coordinadora d\u2019AMPAS ENDAVANT i va tenir lloc a Torre Barrina.<br \/>\nPer comen\u00e7ar l\u2019activitat, van veure i comentar una&hellip;  <a href=\"https:\/\/agora.xtec.cat\/acad-cultura\/general\/taller-de-dibuix-urba\/\" title=\"Read Taller de dibuix urb\u00e0\">Llegeix m\u00e9s\u00bb<\/a><\/p>\n","protected":false},"author":1,"featured_media":965,"comment_status":"closed","ping_status":"closed","sticky":false,"template":"","format":"standard","meta":{"_bbp_topic_count":0,"_bbp_reply_count":0,"_bbp_total_topic_count":0,"_bbp_total_reply_count":0,"_bbp_voice_count":0,"_bbp_anonymous_reply_count":0,"_bbp_topic_count_hidden":0,"_bbp_reply_count_hidden":0,"_bbp_forum_subforum_count":0,"footnotes":""},"categories":[1],"tags":[],"class_list":["post-964","post","type-post","status-publish","format-standard","has-post-thumbnail","hentry","category-general"],"post_mailing_queue_ids":[],"_links":{"self":[{"href":"https:\/\/agora.xtec.cat\/acad-cultura\/wp-json\/wp\/v2\/posts\/964","targetHints":{"allow":["GET"]}}],"collection":[{"href":"https:\/\/agora.xtec.cat\/acad-cultura\/wp-json\/wp\/v2\/posts"}],"about":[{"href":"https:\/\/agora.xtec.cat\/acad-cultura\/wp-json\/wp\/v2\/types\/post"}],"author":[{"embeddable":true,"href":"https:\/\/agora.xtec.cat\/acad-cultura\/wp-json\/wp\/v2\/users\/1"}],"replies":[{"embeddable":true,"href":"https:\/\/agora.xtec.cat\/acad-cultura\/wp-json\/wp\/v2\/comments?post=964"}],"version-history":[{"count":1,"href":"https:\/\/agora.xtec.cat\/acad-cultura\/wp-json\/wp\/v2\/posts\/964\/revisions"}],"predecessor-version":[{"id":966,"href":"https:\/\/agora.xtec.cat\/acad-cultura\/wp-json\/wp\/v2\/posts\/964\/revisions\/966"}],"wp:featuredmedia":[{"embeddable":true,"href":"https:\/\/agora.xtec.cat\/acad-cultura\/wp-json\/wp\/v2\/media\/965"}],"wp:attachment":[{"href":"https:\/\/agora.xtec.cat\/acad-cultura\/wp-json\/wp\/v2\/media?parent=964"}],"wp:term":[{"taxonomy":"category","embeddable":true,"href":"https:\/\/agora.xtec.cat\/acad-cultura\/wp-json\/wp\/v2\/categories?post=964"},{"taxonomy":"post_tag","embeddable":true,"href":"https:\/\/agora.xtec.cat\/acad-cultura\/wp-json\/wp\/v2\/tags?post=964"}],"curies":[{"name":"wp","href":"https:\/\/api.w.org\/{rel}","templated":true}]}}