{"id":950,"date":"2021-11-23T14:25:31","date_gmt":"2021-11-23T13:25:31","guid":{"rendered":"https:\/\/agora.xtec.cat\/acad-cultura\/?p=950"},"modified":"2021-11-23T14:25:45","modified_gmt":"2021-11-23T13:25:45","slug":"visita-guardia-urbana","status":"publish","type":"post","link":"https:\/\/agora.xtec.cat\/acad-cultura\/general\/visita-guardia-urbana\/","title":{"rendered":"Visita Gu\u00e0rdia Urbana"},"content":{"rendered":"<p>Divendres 19 de novembre, els alumnes de 1r d&#8217;ESO van rebre a l&#8217;escola la visita de la Gu\u00e0rdia Urbana.<\/p>\n<p>La xerrada va ser sobre un cas pr\u00e0ctic i real: un judici sobre el viberbullying, amb la finalitat de prendre consci\u00e8ncia de la seva import\u00e0ncia, aix\u00ed com eines per tractar d&#8217;evitar casos d&#8217;assetjament escolar.<\/p>\n","protected":false},"excerpt":{"rendered":"<p>Divendres 19 de novembre, els alumnes de 1r d&#8217;ESO van rebre a l&#8217;escola la visita de la Gu\u00e0rdia Urbana.<br \/>\nLa xerrada va ser sobre un cas pr\u00e0ctic i real: un judici sobre el viberbullying, amb la finalitat de prendre consci\u00e8ncia de la seva import\u00e0ncia, aix\u00ed com&hellip;  <a href=\"https:\/\/agora.xtec.cat\/acad-cultura\/general\/visita-guardia-urbana\/\" title=\"Read Visita Gu\u00e0rdia Urbana\">Llegeix m\u00e9s\u00bb<\/a><\/p>\n","protected":false},"author":1,"featured_media":951,"comment_status":"closed","ping_status":"closed","sticky":false,"template":"","format":"standard","meta":{"_bbp_topic_count":0,"_bbp_reply_count":0,"_bbp_total_topic_count":0,"_bbp_total_reply_count":0,"_bbp_voice_count":0,"_bbp_anonymous_reply_count":0,"_bbp_topic_count_hidden":0,"_bbp_reply_count_hidden":0,"_bbp_forum_subforum_count":0,"footnotes":""},"categories":[4,1],"tags":[],"class_list":["post-950","post","type-post","status-publish","format-standard","has-post-thumbnail","hentry","category-eso-1","category-general"],"post_mailing_queue_ids":[],"_links":{"self":[{"href":"https:\/\/agora.xtec.cat\/acad-cultura\/wp-json\/wp\/v2\/posts\/950","targetHints":{"allow":["GET"]}}],"collection":[{"href":"https:\/\/agora.xtec.cat\/acad-cultura\/wp-json\/wp\/v2\/posts"}],"about":[{"href":"https:\/\/agora.xtec.cat\/acad-cultura\/wp-json\/wp\/v2\/types\/post"}],"author":[{"embeddable":true,"href":"https:\/\/agora.xtec.cat\/acad-cultura\/wp-json\/wp\/v2\/users\/1"}],"replies":[{"embeddable":true,"href":"https:\/\/agora.xtec.cat\/acad-cultura\/wp-json\/wp\/v2\/comments?post=950"}],"version-history":[{"count":1,"href":"https:\/\/agora.xtec.cat\/acad-cultura\/wp-json\/wp\/v2\/posts\/950\/revisions"}],"predecessor-version":[{"id":952,"href":"https:\/\/agora.xtec.cat\/acad-cultura\/wp-json\/wp\/v2\/posts\/950\/revisions\/952"}],"wp:featuredmedia":[{"embeddable":true,"href":"https:\/\/agora.xtec.cat\/acad-cultura\/wp-json\/wp\/v2\/media\/951"}],"wp:attachment":[{"href":"https:\/\/agora.xtec.cat\/acad-cultura\/wp-json\/wp\/v2\/media?parent=950"}],"wp:term":[{"taxonomy":"category","embeddable":true,"href":"https:\/\/agora.xtec.cat\/acad-cultura\/wp-json\/wp\/v2\/categories?post=950"},{"taxonomy":"post_tag","embeddable":true,"href":"https:\/\/agora.xtec.cat\/acad-cultura\/wp-json\/wp\/v2\/tags?post=950"}],"curies":[{"name":"wp","href":"https:\/\/api.w.org\/{rel}","templated":true}]}}