{"id":923,"date":"2021-11-04T13:11:13","date_gmt":"2021-11-04T12:11:13","guid":{"rendered":"https:\/\/agora.xtec.cat\/acad-cultura\/?p=923"},"modified":"2021-11-07T12:57:50","modified_gmt":"2021-11-07T11:57:50","slug":"comencem-el-projecte-de-la-radio","status":"publish","type":"post","link":"https:\/\/agora.xtec.cat\/acad-cultura\/general\/comencem-el-projecte-de-la-radio\/","title":{"rendered":"COMENCEM EL PROJECTE DE LA R\u00c0DIO"},"content":{"rendered":"<p>Avui els alumnes de sis\u00e8 enceten un projecte de gran rellev\u00e0ncia i responsabilitat, el seu propi programa de r\u00e0dio!<\/p>\n<p>Gr\u00e0cies al suport del centre de creaci\u00f3 multim\u00e8dia Torre Barrina hem iniciat aquest projecte que t\u00e9 com a objectiu la millora de la llengua catalana tant a escala comprensiva, com d&#8217;expressi\u00f3 i de comunicaci\u00f3.<\/p>\n<p>Amb moltes ganes, hem tingut avui aquest primer contacte amb l&#8217;estudi de r\u00e0dio on hem pogut practicar i posar en marxa la informaci\u00f3 que hav\u00edem estat preparant dies enrere i que avui hem enregistrat a l&#8217;estudi fent els nostres primers podcasts.<\/p>\n<p>Segur que aquest \u00e9s nom\u00e9s l&#8217;inici cap a una cursa radiof\u00f2nica que ens aportar\u00e0 grans aprenentatges!<\/p>\n","protected":false},"excerpt":{"rendered":"<p>Avui els alumnes de sis\u00e8 enceten un projecte de gran rellev\u00e0ncia i responsabilitat, el seu propi programa de r\u00e0dio!<br \/>\nGr\u00e0cies al suport del centre de creaci\u00f3 multim\u00e8dia Torre Barrina hem iniciat aquest projecte que t\u00e9 com a objectiu la millora de la llengua catalana tant a&hellip;  <a href=\"https:\/\/agora.xtec.cat\/acad-cultura\/general\/comencem-el-projecte-de-la-radio\/\" title=\"Read COMENCEM EL PROJECTE DE LA R\u00c0DIO\">Llegeix m\u00e9s\u00bb<\/a><\/p>\n","protected":false},"author":1,"featured_media":924,"comment_status":"closed","ping_status":"closed","sticky":false,"template":"","format":"standard","meta":{"_bbp_topic_count":0,"_bbp_reply_count":0,"_bbp_total_topic_count":0,"_bbp_total_reply_count":0,"_bbp_voice_count":0,"_bbp_anonymous_reply_count":0,"_bbp_topic_count_hidden":0,"_bbp_reply_count_hidden":0,"_bbp_forum_subforum_count":0,"footnotes":""},"categories":[126,1],"tags":[131],"class_list":["post-923","post","type-post","status-publish","format-standard","has-post-thumbnail","hentry","category-educacio-primaria","category-general","tag-radio-escolar"],"post_mailing_queue_ids":[],"_links":{"self":[{"href":"https:\/\/agora.xtec.cat\/acad-cultura\/wp-json\/wp\/v2\/posts\/923","targetHints":{"allow":["GET"]}}],"collection":[{"href":"https:\/\/agora.xtec.cat\/acad-cultura\/wp-json\/wp\/v2\/posts"}],"about":[{"href":"https:\/\/agora.xtec.cat\/acad-cultura\/wp-json\/wp\/v2\/types\/post"}],"author":[{"embeddable":true,"href":"https:\/\/agora.xtec.cat\/acad-cultura\/wp-json\/wp\/v2\/users\/1"}],"replies":[{"embeddable":true,"href":"https:\/\/agora.xtec.cat\/acad-cultura\/wp-json\/wp\/v2\/comments?post=923"}],"version-history":[{"count":1,"href":"https:\/\/agora.xtec.cat\/acad-cultura\/wp-json\/wp\/v2\/posts\/923\/revisions"}],"predecessor-version":[{"id":925,"href":"https:\/\/agora.xtec.cat\/acad-cultura\/wp-json\/wp\/v2\/posts\/923\/revisions\/925"}],"wp:featuredmedia":[{"embeddable":true,"href":"https:\/\/agora.xtec.cat\/acad-cultura\/wp-json\/wp\/v2\/media\/924"}],"wp:attachment":[{"href":"https:\/\/agora.xtec.cat\/acad-cultura\/wp-json\/wp\/v2\/media?parent=923"}],"wp:term":[{"taxonomy":"category","embeddable":true,"href":"https:\/\/agora.xtec.cat\/acad-cultura\/wp-json\/wp\/v2\/categories?post=923"},{"taxonomy":"post_tag","embeddable":true,"href":"https:\/\/agora.xtec.cat\/acad-cultura\/wp-json\/wp\/v2\/tags?post=923"}],"curies":[{"name":"wp","href":"https:\/\/api.w.org\/{rel}","templated":true}]}}