{"id":914,"date":"2021-11-04T08:26:33","date_gmt":"2021-11-04T07:26:33","guid":{"rendered":"https:\/\/agora.xtec.cat\/acad-cultura\/?p=914"},"modified":"2021-11-07T12:58:43","modified_gmt":"2021-11-07T11:58:43","slug":"eleccions-a-consell-escolar","status":"publish","type":"post","link":"https:\/\/agora.xtec.cat\/acad-cultura\/general\/eleccions-a-consell-escolar\/","title":{"rendered":"ELECCIONS A CONSELL ESCOLAR"},"content":{"rendered":"<p>Durant el mes de novembre tindran lloc les eleccions dels representants dels pares al Consell Escolar de l&#8217;Acad\u00e8mia.<\/p>\n<p>El calendari previst \u00e9s:<\/p>\n<p><em><strong>8 de novembre:<\/strong><\/em><\/p>\n<ul>\n<li>Exposici\u00f3 del cens de pares de l&#8217;Acad\u00e8mia al vest\u00edbul de l&#8217;entrada<\/li>\n<\/ul>\n<p><em><strong>Fins el 19 de novembre:<\/strong> <\/em><\/p>\n<ul>\n<li>Reclamacions al cens i presentaci\u00f3 de candidatures<\/li>\n<\/ul>\n<p><strong><em>22 de novembre<\/em><\/strong><\/p>\n<ul>\n<li>Resoluci\u00f3 de reclamacions al cens<\/li>\n<li>Publicaci\u00f3 de candidatures<\/li>\n<\/ul>\n<p><strong><em>Fins el 25 de novembre<\/em><\/strong><\/p>\n<ul>\n<li>Reclamacions a les candidatures<\/li>\n<\/ul>\n<p><em><strong>30 de novembre<\/strong><\/em><\/p>\n<ul>\n<li>Constituci\u00f3 de la mesa electoral<\/li>\n<li>Votacions (9:00 a 17:00)<\/li>\n<li>Escrutini i resultats provisionals<\/li>\n<\/ul>\n<p><em><strong>Fins el 3 de desembre<\/strong><\/em><\/p>\n<ul>\n<li>Presentaci\u00f3 i resoluci\u00f3 de reclamacions<\/li>\n<li>Proclamaci\u00f3 dels membres electes del Consell<\/li>\n<\/ul>\n<p><strong><em>13 de desembre<\/em><\/strong><\/p>\n<ul>\n<li>Constituci\u00f3 del Consell Escolar (17:15)<\/li>\n<\/ul>\n","protected":false},"excerpt":{"rendered":"<p>Durant el mes de novembre tindran lloc les eleccions dels representants dels pares al Consell Escolar de l&#8217;Acad\u00e8mia.<br \/>\nEl calendari previst \u00e9s:<br \/>\n8 de novembre:<\/p>\n<ul>\n<li>Exposici\u00f3 del cens de pares de l&#8217;Acad\u00e8mia al vest\u00edbul de l&#8217;entrada<\/li>\n<\/ul>\n<p>Fins el 19 de novembre: <\/p>\n<ul>\n<li>Reclamacions al cens i presentaci\u00f3 de candidatures<\/li>\n<\/ul>\n<p>22 de&hellip;  <a href=\"https:\/\/agora.xtec.cat\/acad-cultura\/general\/eleccions-a-consell-escolar\/\" title=\"Read ELECCIONS A CONSELL ESCOLAR\">Llegeix m\u00e9s\u00bb<\/a><\/p>\n","protected":false},"author":1,"featured_media":915,"comment_status":"closed","ping_status":"closed","sticky":false,"template":"","format":"standard","meta":{"_bbp_topic_count":0,"_bbp_reply_count":0,"_bbp_total_topic_count":0,"_bbp_total_reply_count":0,"_bbp_voice_count":0,"_bbp_anonymous_reply_count":0,"_bbp_topic_count_hidden":0,"_bbp_reply_count_hidden":0,"_bbp_forum_subforum_count":0,"footnotes":""},"categories":[129,1,130],"tags":[],"class_list":["post-914","post","type-post","status-publish","format-standard","has-post-thumbnail","hentry","category-consell-escolar","category-general","category-pares"],"post_mailing_queue_ids":[],"_links":{"self":[{"href":"https:\/\/agora.xtec.cat\/acad-cultura\/wp-json\/wp\/v2\/posts\/914","targetHints":{"allow":["GET"]}}],"collection":[{"href":"https:\/\/agora.xtec.cat\/acad-cultura\/wp-json\/wp\/v2\/posts"}],"about":[{"href":"https:\/\/agora.xtec.cat\/acad-cultura\/wp-json\/wp\/v2\/types\/post"}],"author":[{"embeddable":true,"href":"https:\/\/agora.xtec.cat\/acad-cultura\/wp-json\/wp\/v2\/users\/1"}],"replies":[{"embeddable":true,"href":"https:\/\/agora.xtec.cat\/acad-cultura\/wp-json\/wp\/v2\/comments?post=914"}],"version-history":[{"count":1,"href":"https:\/\/agora.xtec.cat\/acad-cultura\/wp-json\/wp\/v2\/posts\/914\/revisions"}],"predecessor-version":[{"id":916,"href":"https:\/\/agora.xtec.cat\/acad-cultura\/wp-json\/wp\/v2\/posts\/914\/revisions\/916"}],"wp:featuredmedia":[{"embeddable":true,"href":"https:\/\/agora.xtec.cat\/acad-cultura\/wp-json\/wp\/v2\/media\/915"}],"wp:attachment":[{"href":"https:\/\/agora.xtec.cat\/acad-cultura\/wp-json\/wp\/v2\/media?parent=914"}],"wp:term":[{"taxonomy":"category","embeddable":true,"href":"https:\/\/agora.xtec.cat\/acad-cultura\/wp-json\/wp\/v2\/categories?post=914"},{"taxonomy":"post_tag","embeddable":true,"href":"https:\/\/agora.xtec.cat\/acad-cultura\/wp-json\/wp\/v2\/tags?post=914"}],"curies":[{"name":"wp","href":"https:\/\/api.w.org\/{rel}","templated":true}]}}