{"id":900,"date":"2021-10-29T14:47:05","date_gmt":"2021-10-29T12:47:05","guid":{"rendered":"https:\/\/agora.xtec.cat\/acad-cultura\/?p=900"},"modified":"2021-10-29T14:47:05","modified_gmt":"2021-10-29T12:47:05","slug":"arriba-halloween","status":"publish","type":"post","link":"https:\/\/agora.xtec.cat\/acad-cultura\/general\/arriba-halloween\/","title":{"rendered":"ARRIBA HALLOWEEN"},"content":{"rendered":"<p><a href=\"https:\/\/agora.xtec.cat\/acad-cultura\/wp-content\/uploads\/usu2542\/2021\/10\/35f9aca7-fdf1-44b5-9bd3-d2b8c0eab337.jpg\"><img loading=\"lazy\" decoding=\"async\" class=\"wp-image-905 size-medium alignleft\" src=\"https:\/\/agora.xtec.cat\/acad-cultura\/wp-content\/uploads\/usu2542\/2021\/10\/35f9aca7-fdf1-44b5-9bd3-d2b8c0eab337-300x169.jpg\" alt=\"\" width=\"300\" height=\"169\" srcset=\"https:\/\/agora.xtec.cat\/acad-cultura\/wp-content\/uploads\/usu2542\/2021\/10\/35f9aca7-fdf1-44b5-9bd3-d2b8c0eab337-300x169.jpg 300w, https:\/\/agora.xtec.cat\/acad-cultura\/wp-content\/uploads\/usu2542\/2021\/10\/35f9aca7-fdf1-44b5-9bd3-d2b8c0eab337-1024x576.jpg 1024w, https:\/\/agora.xtec.cat\/acad-cultura\/wp-content\/uploads\/usu2542\/2021\/10\/35f9aca7-fdf1-44b5-9bd3-d2b8c0eab337-768x432.jpg 768w, https:\/\/agora.xtec.cat\/acad-cultura\/wp-content\/uploads\/usu2542\/2021\/10\/35f9aca7-fdf1-44b5-9bd3-d2b8c0eab337-1536x864.jpg 1536w, https:\/\/agora.xtec.cat\/acad-cultura\/wp-content\/uploads\/usu2542\/2021\/10\/35f9aca7-fdf1-44b5-9bd3-d2b8c0eab337.jpg 2016w\" sizes=\"auto, (max-width: 300px) 100vw, 300px\" \/><\/a>Despr\u00e9s de passar un dia d&#8217;excursi\u00f3 per celebrar la castanyada, la senyoreta Marisol i l&#8217;alumnat d&#8217;angl\u00e8s ha decorat el vest\u00edbul de l&#8217;ESO per gaudir de la festa de Halloween.<\/p>\n<p>Feli\u00e7 festivitat de Tots Sants i Happy Halloween.<\/p>\n","protected":false},"excerpt":{"rendered":"<p><a href=\"https:\/\/agora.xtec.cat\/acad-cultura\/wp-content\/uploads\/usu2542\/2021\/10\/35f9aca7-fdf1-44b5-9bd3-d2b8c0eab337.jpg\"><\/a>Despr\u00e9s de passar un dia d&#8217;excursi\u00f3 per celebrar la castanyada, la senyoreta Marisol i l&#8217;alumnat d&#8217;angl\u00e8s ha decorat el vest\u00edbul de l&#8217;ESO per gaudir de la festa de Halloween.<br \/>\nFeli\u00e7 festivitat de Tots Sants i Happy Halloween.<\/p>\n","protected":false},"author":1,"featured_media":901,"comment_status":"open","ping_status":"closed","sticky":false,"template":"","format":"standard","meta":{"_bbp_topic_count":0,"_bbp_reply_count":0,"_bbp_total_topic_count":0,"_bbp_total_reply_count":0,"_bbp_voice_count":0,"_bbp_anonymous_reply_count":0,"_bbp_topic_count_hidden":0,"_bbp_reply_count_hidden":0,"_bbp_forum_subforum_count":0,"footnotes":""},"categories":[127,1],"tags":[128],"class_list":["post-900","post","type-post","status-publish","format-standard","has-post-thumbnail","hentry","category-festes","category-general","tag-halloween"],"post_mailing_queue_ids":[],"_links":{"self":[{"href":"https:\/\/agora.xtec.cat\/acad-cultura\/wp-json\/wp\/v2\/posts\/900","targetHints":{"allow":["GET"]}}],"collection":[{"href":"https:\/\/agora.xtec.cat\/acad-cultura\/wp-json\/wp\/v2\/posts"}],"about":[{"href":"https:\/\/agora.xtec.cat\/acad-cultura\/wp-json\/wp\/v2\/types\/post"}],"author":[{"embeddable":true,"href":"https:\/\/agora.xtec.cat\/acad-cultura\/wp-json\/wp\/v2\/users\/1"}],"replies":[{"embeddable":true,"href":"https:\/\/agora.xtec.cat\/acad-cultura\/wp-json\/wp\/v2\/comments?post=900"}],"version-history":[{"count":3,"href":"https:\/\/agora.xtec.cat\/acad-cultura\/wp-json\/wp\/v2\/posts\/900\/revisions"}],"predecessor-version":[{"id":909,"href":"https:\/\/agora.xtec.cat\/acad-cultura\/wp-json\/wp\/v2\/posts\/900\/revisions\/909"}],"wp:featuredmedia":[{"embeddable":true,"href":"https:\/\/agora.xtec.cat\/acad-cultura\/wp-json\/wp\/v2\/media\/901"}],"wp:attachment":[{"href":"https:\/\/agora.xtec.cat\/acad-cultura\/wp-json\/wp\/v2\/media?parent=900"}],"wp:term":[{"taxonomy":"category","embeddable":true,"href":"https:\/\/agora.xtec.cat\/acad-cultura\/wp-json\/wp\/v2\/categories?post=900"},{"taxonomy":"post_tag","embeddable":true,"href":"https:\/\/agora.xtec.cat\/acad-cultura\/wp-json\/wp\/v2\/tags?post=900"}],"curies":[{"name":"wp","href":"https:\/\/api.w.org\/{rel}","templated":true}]}}