{"id":888,"date":"2021-10-19T18:57:10","date_gmt":"2021-10-19T16:57:10","guid":{"rendered":"https:\/\/agora.xtec.cat\/acad-cultura\/?p=888"},"modified":"2021-10-29T13:26:38","modified_gmt":"2021-10-29T11:26:38","slug":"comencem-la-piscina","status":"publish","type":"post","link":"https:\/\/agora.xtec.cat\/acad-cultura\/general\/comencem-la-piscina\/","title":{"rendered":"COMENCEM LA PISCINA"},"content":{"rendered":"<p>A partir del dia <span style=\"color: #000000;\"><strong>2 de novembre <\/strong><\/span>comencen les classes de piscina al Poliesportiu Municipal de Santa Eul\u00e0lia (c\/ Jacint Verdaguer n\u00fam. 15)<\/p>\n<p>L<span style=\"color: #000000;\">&#8216;<strong>horari<\/strong> <\/span>\u00e9s el seg\u00fcent:<\/p>\n<ul>\n<li><span style=\"font-family: inherit; font-size: 1em;\">Dilluns tarda: Cicle Inicial (1r &#8211; 2n Prim\u00e0ria)<\/span><\/li>\n<li>Dimecres tarda: Cicle Superior (5\u00e8 &#8211; 6\u00e8 Prim\u00e0ria)<\/li>\n<li>Divendres mat\u00ed: Educaci\u00f3 Infantil (P4 &#8211; P5)<\/li>\n<li>Divendres tarda: Cicle Mitj\u00e0 (3r &#8211; 4t Prim\u00e0ria)<\/li>\n<\/ul>\n","protected":false},"excerpt":{"rendered":"<p>A partir del dia 2 de novembre comencen les classes de piscina al Poliesportiu Municipal de Santa Eul\u00e0lia (c\/ Jacint Verdaguer n\u00fam. 15)<br \/>\nL&#8216;horari \u00e9s el seg\u00fcent:<\/p>\n<ul>\n<li>Dilluns tarda: Cicle Inicial (1r &#8211; 2n Prim\u00e0ria)<\/li>\n<li>Dimecres tarda: Cicle Superior (5\u00e8 &#8211; 6\u00e8 Prim\u00e0ria)<\/li>\n<li>Divendres mat\u00ed: Educaci\u00f3 Infantil (P4 &#8211;&hellip;  <a href=\"https:\/\/agora.xtec.cat\/acad-cultura\/general\/comencem-la-piscina\/\" title=\"Read COMENCEM LA PISCINA\">Llegeix m\u00e9s\u00bb<\/a><br \/>\n","protected":false},"author":1,"featured_media":893,"comment_status":"open","ping_status":"closed","sticky":false,"template":"","format":"standard","meta":{"_bbp_topic_count":0,"_bbp_reply_count":0,"_bbp_total_topic_count":0,"_bbp_total_reply_count":0,"_bbp_voice_count":0,"_bbp_anonymous_reply_count":0,"_bbp_topic_count_hidden":0,"_bbp_reply_count_hidden":0,"_bbp_forum_subforum_count":0,"footnotes":""},"categories":[125,126,1,122],"tags":[],"class_list":["post-888","post","type-post","status-publish","format-standard","has-post-thumbnail","hentry","category-educacio-infantil","category-educacio-primaria","category-general","category-piscina"],"post_mailing_queue_ids":[],"_links":{"self":[{"href":"https:\/\/agora.xtec.cat\/acad-cultura\/wp-json\/wp\/v2\/posts\/888","targetHints":{"allow":["GET"]}}],"collection":[{"href":"https:\/\/agora.xtec.cat\/acad-cultura\/wp-json\/wp\/v2\/posts"}],"about":[{"href":"https:\/\/agora.xtec.cat\/acad-cultura\/wp-json\/wp\/v2\/types\/post"}],"author":[{"embeddable":true,"href":"https:\/\/agora.xtec.cat\/acad-cultura\/wp-json\/wp\/v2\/users\/1"}],"replies":[{"embeddable":true,"href":"https:\/\/agora.xtec.cat\/acad-cultura\/wp-json\/wp\/v2\/comments?post=888"}],"version-history":[{"count":3,"href":"https:\/\/agora.xtec.cat\/acad-cultura\/wp-json\/wp\/v2\/posts\/888\/revisions"}],"predecessor-version":[{"id":892,"href":"https:\/\/agora.xtec.cat\/acad-cultura\/wp-json\/wp\/v2\/posts\/888\/revisions\/892"}],"wp:featuredmedia":[{"embeddable":true,"href":"https:\/\/agora.xtec.cat\/acad-cultura\/wp-json\/wp\/v2\/media\/893"}],"wp:attachment":[{"href":"https:\/\/agora.xtec.cat\/acad-cultura\/wp-json\/wp\/v2\/media?parent=888"}],"wp:term":[{"taxonomy":"category","embeddable":true,"href":"https:\/\/agora.xtec.cat\/acad-cultura\/wp-json\/wp\/v2\/categories?post=888"},{"taxonomy":"post_tag","embeddable":true,"href":"https:\/\/agora.xtec.cat\/acad-cultura\/wp-json\/wp\/v2\/tags?post=888"}],"curies":[{"name":"wp","href":"https:\/\/api.w.org\/{rel}","templated":true}]}}