{"id":862,"date":"2021-10-04T16:16:35","date_gmt":"2021-10-04T14:16:35","guid":{"rendered":"https:\/\/agora.xtec.cat\/acad-cultura\/?p=862"},"modified":"2021-10-24T13:25:08","modified_gmt":"2021-10-24T11:25:08","slug":"horari-piscina-curs-21-22","status":"publish","type":"post","link":"https:\/\/agora.xtec.cat\/acad-cultura\/general\/horari-piscina-curs-21-22\/","title":{"rendered":"HORARI PISCINA curs 21-22"},"content":{"rendered":"<p>L&#8217;horari de piscina d&#8217;aquest curs queda de la seg\u00fcent manera:<\/p>\n<ul>\n<li>dilluns tarda: Cicle Inicial (1r &#8211; 2n Prim\u00e0ria)<\/li>\n<li>dimecres tarda: Cicle Superior (5\u00e8 &#8211; 6\u00e8 Prim\u00e0ria)<\/li>\n<li>divendres mat\u00ed: Educaci\u00f3 Infantil (P4 &#8211; P5)<\/li>\n<li>divendres tarda: Cicle Mitj\u00e0 (3r &#8211; 4t Prim\u00e0ria)<\/li>\n<\/ul>\n","protected":false},"excerpt":{"rendered":"<p>L&#8217;horari de piscina d&#8217;aquest curs queda de la seg\u00fcent manera:<\/p>\n<ul>\n<li>dilluns tarda: Cicle Inicial (1r &#8211; 2n Prim\u00e0ria)<\/li>\n<li>dimecres tarda: Cicle Superior (5\u00e8 &#8211; 6\u00e8 Prim\u00e0ria)<\/li>\n<li>divendres mat\u00ed: Educaci\u00f3 Infantil (P4 &#8211; P5)<\/li>\n<li>divendres tarda: Cicle Mitj\u00e0 (3r &#8211; 4t Prim\u00e0ria)<\/li>\n<\/ul>\n","protected":false},"author":1,"featured_media":849,"comment_status":"open","ping_status":"closed","sticky":false,"template":"","format":"standard","meta":{"_bbp_topic_count":0,"_bbp_reply_count":0,"_bbp_total_topic_count":0,"_bbp_total_reply_count":0,"_bbp_voice_count":0,"_bbp_anonymous_reply_count":0,"_bbp_topic_count_hidden":0,"_bbp_reply_count_hidden":0,"_bbp_forum_subforum_count":0,"footnotes":""},"categories":[125,126,1,122],"tags":[],"class_list":["post-862","post","type-post","status-publish","format-standard","has-post-thumbnail","hentry","category-educacio-infantil","category-educacio-primaria","category-general","category-piscina"],"post_mailing_queue_ids":[],"_links":{"self":[{"href":"https:\/\/agora.xtec.cat\/acad-cultura\/wp-json\/wp\/v2\/posts\/862","targetHints":{"allow":["GET"]}}],"collection":[{"href":"https:\/\/agora.xtec.cat\/acad-cultura\/wp-json\/wp\/v2\/posts"}],"about":[{"href":"https:\/\/agora.xtec.cat\/acad-cultura\/wp-json\/wp\/v2\/types\/post"}],"author":[{"embeddable":true,"href":"https:\/\/agora.xtec.cat\/acad-cultura\/wp-json\/wp\/v2\/users\/1"}],"replies":[{"embeddable":true,"href":"https:\/\/agora.xtec.cat\/acad-cultura\/wp-json\/wp\/v2\/comments?post=862"}],"version-history":[{"count":1,"href":"https:\/\/agora.xtec.cat\/acad-cultura\/wp-json\/wp\/v2\/posts\/862\/revisions"}],"predecessor-version":[{"id":863,"href":"https:\/\/agora.xtec.cat\/acad-cultura\/wp-json\/wp\/v2\/posts\/862\/revisions\/863"}],"wp:featuredmedia":[{"embeddable":true,"href":"https:\/\/agora.xtec.cat\/acad-cultura\/wp-json\/wp\/v2\/media\/849"}],"wp:attachment":[{"href":"https:\/\/agora.xtec.cat\/acad-cultura\/wp-json\/wp\/v2\/media?parent=862"}],"wp:term":[{"taxonomy":"category","embeddable":true,"href":"https:\/\/agora.xtec.cat\/acad-cultura\/wp-json\/wp\/v2\/categories?post=862"},{"taxonomy":"post_tag","embeddable":true,"href":"https:\/\/agora.xtec.cat\/acad-cultura\/wp-json\/wp\/v2\/tags?post=862"}],"curies":[{"name":"wp","href":"https:\/\/api.w.org\/{rel}","templated":true}]}}