{"id":750,"date":"2021-09-09T13:18:25","date_gmt":"2021-09-09T11:18:25","guid":{"rendered":"https:\/\/agora.xtec.cat\/acad-cultura\/?p=750"},"modified":"2021-09-12T14:55:30","modified_gmt":"2021-09-12T12:55:30","slug":"inici-curs-2021-2022","status":"publish","type":"post","link":"https:\/\/agora.xtec.cat\/acad-cultura\/general\/inici-curs-2021-2022\/","title":{"rendered":"INICI CURS 2021 &#8211; 2022"},"content":{"rendered":"<p>Les classes comencen el proper dilluns 13 de setembre.<\/p>\n<p>* L\u2019alumnat de l\u2019E.S.O. comen\u00e7ar\u00e0 el dia 13 de setembre a les 9:15h.<\/p>\n<p>Els tutors i les tutores han enviat m\u00e9s informaci\u00f3 per correu electr\u00f2nic.<\/p>\n","protected":false},"excerpt":{"rendered":"<p>Les classes comencen el proper dilluns 13 de setembre.<br \/>\n* L\u2019alumnat de l\u2019E.S.O. comen\u00e7ar\u00e0 el dia 13 de setembre a les 9:15h.<br \/>\nEls tutors i les tutores han enviat m\u00e9s informaci\u00f3 per correu electr\u00f2nic.<\/p>\n","protected":false},"author":8,"featured_media":751,"comment_status":"open","ping_status":"closed","sticky":false,"template":"","format":"standard","meta":{"_bbp_topic_count":0,"_bbp_reply_count":0,"_bbp_total_topic_count":0,"_bbp_total_reply_count":0,"_bbp_voice_count":0,"_bbp_anonymous_reply_count":0,"_bbp_topic_count_hidden":0,"_bbp_reply_count_hidden":0,"_bbp_forum_subforum_count":0,"footnotes":""},"categories":[1],"tags":[],"class_list":["post-750","post","type-post","status-publish","format-standard","has-post-thumbnail","hentry","category-general"],"post_mailing_queue_ids":[],"_links":{"self":[{"href":"https:\/\/agora.xtec.cat\/acad-cultura\/wp-json\/wp\/v2\/posts\/750","targetHints":{"allow":["GET"]}}],"collection":[{"href":"https:\/\/agora.xtec.cat\/acad-cultura\/wp-json\/wp\/v2\/posts"}],"about":[{"href":"https:\/\/agora.xtec.cat\/acad-cultura\/wp-json\/wp\/v2\/types\/post"}],"author":[{"embeddable":true,"href":"https:\/\/agora.xtec.cat\/acad-cultura\/wp-json\/wp\/v2\/users\/8"}],"replies":[{"embeddable":true,"href":"https:\/\/agora.xtec.cat\/acad-cultura\/wp-json\/wp\/v2\/comments?post=750"}],"version-history":[{"count":2,"href":"https:\/\/agora.xtec.cat\/acad-cultura\/wp-json\/wp\/v2\/posts\/750\/revisions"}],"predecessor-version":[{"id":765,"href":"https:\/\/agora.xtec.cat\/acad-cultura\/wp-json\/wp\/v2\/posts\/750\/revisions\/765"}],"wp:featuredmedia":[{"embeddable":true,"href":"https:\/\/agora.xtec.cat\/acad-cultura\/wp-json\/wp\/v2\/media\/751"}],"wp:attachment":[{"href":"https:\/\/agora.xtec.cat\/acad-cultura\/wp-json\/wp\/v2\/media?parent=750"}],"wp:term":[{"taxonomy":"category","embeddable":true,"href":"https:\/\/agora.xtec.cat\/acad-cultura\/wp-json\/wp\/v2\/categories?post=750"},{"taxonomy":"post_tag","embeddable":true,"href":"https:\/\/agora.xtec.cat\/acad-cultura\/wp-json\/wp\/v2\/tags?post=750"}],"curies":[{"name":"wp","href":"https:\/\/api.w.org\/{rel}","templated":true}]}}