{"id":511,"date":"2021-06-10T20:14:42","date_gmt":"2021-06-10T18:14:42","guid":{"rendered":"https:\/\/agora.xtec.cat\/acad-cultura\/?p=511"},"modified":"2021-07-03T18:25:52","modified_gmt":"2021-07-03T16:25:52","slug":"lacademia-segueix","status":"publish","type":"post","link":"https:\/\/agora.xtec.cat\/acad-cultura\/general\/lacademia-segueix\/","title":{"rendered":"L&#8217;Acad\u00e8mia: SEGUIM !!!!"},"content":{"rendered":"<p>&nbsp;<\/p>\n<p>El tancament de l\u2019Acad\u00e8mia Cultura avui \u00e9s m\u00e9s lluny que ahir. Aix\u00ed ho ha dit N\u00faria Mar\u00edn a les fam\u00edlies i els professors acampats davant del Departament d\u2019Educaci\u00f3 des de dilluns. L\u2019alcaldessa de l\u2019Hospitalet ha assegurat que la situaci\u00f3 ara mateix la situaci\u00f3 del centre \u00e9s \u201cmillor que ahir\u201d, per\u00f2 tamb\u00e9 advertia que \u201cencara no hem acabat\u201d.<\/p>\n<p>La reuni\u00f3 que Mar\u00edn ha mantingut aquest migdia amb el conseller d\u2019Educaci\u00f3, Josep Bargall\u00f3, ha servit per buscar una alternativa i evitar el tancament. Segons l\u2019alcaldessa, el departament ha acceptat que el centre passi a ser p\u00fablic sempre que la direcci\u00f3 ho demani. I sembla que ara s\u00ed estaria disposada a fer-ho.<\/p>\n<p>Un dels grans esculls perqu\u00e8 la continuaci\u00f3 del centre, com a m\u00ednim un curs m\u00e9s, sigui una realitat \u00e9s el deute que t\u00e9 l\u2019arquebisbat. Els propietaris del centre no han cobrat el lloguer de l\u2019edifici des de l\u2019estiu passat i reclamen garanties per cobrar-ho. Una situaci\u00f3 que les diferents parts consideren que \u00e9s un problema entre particulars.<\/p>\n<p><strong>RETIRADA DE L\u2019ACAMPADA<\/strong><br \/>\nN\u00faria Mar\u00edn ha explicat aix\u00f2 a l\u2019Acampada que fam\u00edlies i professors de l\u2019Acad\u00e8mia mantenien des de dilluns davant del Departament d\u2019Educaci\u00f3. Tamb\u00e9 hi era Javier Pacheco, secretari general de CCOO, que tamb\u00e9 ha participat en la reuni\u00f3 d\u2019aquest migdia. Pacheco ha assegurat que mai abans s\u2019havien implicat pol\u00edtics de primer nivell per un cas com aquest i ha celebrat que, si ara ha passat, ha estat per la mobilitzaci\u00f3 de fam\u00edlies i mestres.<\/p>\n<p>Tamb\u00e9 ha remarcat que \u201ccal que propietat i titularitat es posin d\u2019acord\u201d en la negociaci\u00f3 sobre el deute. Per\u00f2 ha defensat que despr\u00e9s de la reuni\u00f3 d\u2019avui hi ha un canvi, perqu\u00e8 s\u2019obre una possibilitat real de trobar una soluci\u00f3. Dem\u00e0 se celebrar\u00e0 una nova reuni\u00f3 que, amb un perfil m\u00e9s t\u00e8cnic, ha de servir per tancar els serrells que han de permetre mantenir l\u2019Acad\u00e8mia Cultura un curs m\u00e9s i acabar convertint-se en escola p\u00fablica.<\/p>\n","protected":false},"excerpt":{"rendered":"<p>&nbsp;<br \/>\nEl tancament de l\u2019Acad\u00e8mia Cultura avui \u00e9s m\u00e9s lluny que ahir. Aix\u00ed ho ha dit N\u00faria Mar\u00edn a les fam\u00edlies i els professors acampats davant del Departament d\u2019Educaci\u00f3 des de dilluns. L\u2019alcaldessa de l\u2019Hospitalet ha assegurat que la situaci\u00f3 ara mateix la situaci\u00f3 del centre&hellip;  <a href=\"https:\/\/agora.xtec.cat\/acad-cultura\/general\/lacademia-segueix\/\" title=\"Read L&#8217;Acad\u00e8mia: SEGUIM !!!!\">Llegeix m\u00e9s\u00bb<\/a><\/p>\n","protected":false},"author":1,"featured_media":0,"comment_status":"closed","ping_status":"closed","sticky":false,"template":"","format":"standard","meta":{"_bbp_topic_count":0,"_bbp_reply_count":0,"_bbp_total_topic_count":0,"_bbp_total_reply_count":0,"_bbp_voice_count":0,"_bbp_anonymous_reply_count":0,"_bbp_topic_count_hidden":0,"_bbp_reply_count_hidden":0,"_bbp_forum_subforum_count":0,"footnotes":""},"categories":[1],"tags":[],"class_list":["post-511","post","type-post","status-publish","format-standard","hentry","category-general"],"post_mailing_queue_ids":[],"_links":{"self":[{"href":"https:\/\/agora.xtec.cat\/acad-cultura\/wp-json\/wp\/v2\/posts\/511","targetHints":{"allow":["GET"]}}],"collection":[{"href":"https:\/\/agora.xtec.cat\/acad-cultura\/wp-json\/wp\/v2\/posts"}],"about":[{"href":"https:\/\/agora.xtec.cat\/acad-cultura\/wp-json\/wp\/v2\/types\/post"}],"author":[{"embeddable":true,"href":"https:\/\/agora.xtec.cat\/acad-cultura\/wp-json\/wp\/v2\/users\/1"}],"replies":[{"embeddable":true,"href":"https:\/\/agora.xtec.cat\/acad-cultura\/wp-json\/wp\/v2\/comments?post=511"}],"version-history":[{"count":2,"href":"https:\/\/agora.xtec.cat\/acad-cultura\/wp-json\/wp\/v2\/posts\/511\/revisions"}],"predecessor-version":[{"id":609,"href":"https:\/\/agora.xtec.cat\/acad-cultura\/wp-json\/wp\/v2\/posts\/511\/revisions\/609"}],"wp:attachment":[{"href":"https:\/\/agora.xtec.cat\/acad-cultura\/wp-json\/wp\/v2\/media?parent=511"}],"wp:term":[{"taxonomy":"category","embeddable":true,"href":"https:\/\/agora.xtec.cat\/acad-cultura\/wp-json\/wp\/v2\/categories?post=511"},{"taxonomy":"post_tag","embeddable":true,"href":"https:\/\/agora.xtec.cat\/acad-cultura\/wp-json\/wp\/v2\/tags?post=511"}],"curies":[{"name":"wp","href":"https:\/\/api.w.org\/{rel}","templated":true}]}}