{"id":1379,"date":"2022-06-23T21:15:10","date_gmt":"2022-06-23T19:15:10","guid":{"rendered":"https:\/\/agora.xtec.cat\/acad-cultura\/?p=1379"},"modified":"2022-06-23T21:18:01","modified_gmt":"2022-06-23T19:18:01","slug":"guanyadors-concurs-de-dibuix-i-comic","status":"publish","type":"post","link":"https:\/\/agora.xtec.cat\/acad-cultura\/general\/guanyadors-concurs-de-dibuix-i-comic\/","title":{"rendered":"GUANYADORS CONCURS DE DIBUIX I COMIC"},"content":{"rendered":"<div dir=\"auto\">El passat diumenge 19 de juny, va tenir lloc, a l&#8217;Auditori de\u00a0laTorrassa, el lliurament de premis del VI Concurs de dibuix i c\u00f2mic organitzat per la Coordinadora d&#8217;AMPAS\u00a0ENDAVANT de Collblanc-\u00a0La\u00a0Torrassa.<\/div>\n<p>Alguns dels nostres alumnes d&#8217;infantil i prim\u00e0ria van ser premiats en diferents categories.<\/p>\n<p>Cal destacar, el Premi especial Antoni Bernal i portada de la pr\u00f2xima edici\u00f3 que va rebre la nostra alumna de sis\u00e8,\u00a0Jazm\u00edn\u00a0Claros\u00a0i el 3r premi que ha rebut l&#8217;escola en la categoria de difusi\u00f3 i participaci\u00f3.<\/p>\n<div dir=\"auto\">Felicitem a tots els nostres alumnes per les seves obres.<\/div>\n<div dir=\"auto\"><\/div>\n<div dir=\"auto\"><a href=\"https:\/\/twitter.com\/lhdigitalh\/status\/1538829997997182976?s=24&amp;t=DsoWFQgIZN_LD14wvQaJMA\" target=\"_blank\" rel=\"noopener\" data-saferedirecturl=\"https:\/\/www.google.com\/url?q=https:\/\/twitter.com\/lhdigitalh\/status\/1538829997997182976?s%3D24%26t%3DDsoWFQgIZN_LD14wvQaJMA&amp;source=gmail&amp;ust=1656098006755000&amp;usg=AOvVaw1r3f9Zbmyu47D-1cQ0j9td\">https:\/\/twitter.com\/<wbr \/>lhdigitalh\/status\/<wbr \/>1538829997997182976?s=24&amp;t=<wbr \/>DsoWFQgIZN_LD14wvQaJMA<\/a><\/div>\n","protected":false},"excerpt":{"rendered":"<p>El passat diumenge 19 de juny, va tenir lloc, a l&#8217;Auditori de\u00a0laTorrassa, el lliurament de premis del VI Concurs de dibuix i c\u00f2mic organitzat per la Coordinadora d&#8217;AMPAS\u00a0ENDAVANT de Collblanc-\u00a0La\u00a0Torrassa.<br \/>\nAlguns dels nostres alumnes d&#8217;infantil i prim\u00e0ria van ser premiats en diferents categories.<br \/>\nCal destacar, el Premi&hellip;  <a href=\"https:\/\/agora.xtec.cat\/acad-cultura\/general\/guanyadors-concurs-de-dibuix-i-comic\/\" title=\"Read GUANYADORS CONCURS DE DIBUIX I COMIC\">Llegeix m\u00e9s\u00bb<\/a><\/p>\n","protected":false},"author":1,"featured_media":1381,"comment_status":"open","ping_status":"closed","sticky":false,"template":"","format":"standard","meta":{"_bbp_topic_count":0,"_bbp_reply_count":0,"_bbp_total_topic_count":0,"_bbp_total_reply_count":0,"_bbp_voice_count":0,"_bbp_anonymous_reply_count":0,"_bbp_topic_count_hidden":0,"_bbp_reply_count_hidden":0,"_bbp_forum_subforum_count":0,"footnotes":""},"categories":[1],"tags":[],"class_list":["post-1379","post","type-post","status-publish","format-standard","has-post-thumbnail","hentry","category-general"],"post_mailing_queue_ids":[],"_links":{"self":[{"href":"https:\/\/agora.xtec.cat\/acad-cultura\/wp-json\/wp\/v2\/posts\/1379","targetHints":{"allow":["GET"]}}],"collection":[{"href":"https:\/\/agora.xtec.cat\/acad-cultura\/wp-json\/wp\/v2\/posts"}],"about":[{"href":"https:\/\/agora.xtec.cat\/acad-cultura\/wp-json\/wp\/v2\/types\/post"}],"author":[{"embeddable":true,"href":"https:\/\/agora.xtec.cat\/acad-cultura\/wp-json\/wp\/v2\/users\/1"}],"replies":[{"embeddable":true,"href":"https:\/\/agora.xtec.cat\/acad-cultura\/wp-json\/wp\/v2\/comments?post=1379"}],"version-history":[{"count":1,"href":"https:\/\/agora.xtec.cat\/acad-cultura\/wp-json\/wp\/v2\/posts\/1379\/revisions"}],"predecessor-version":[{"id":1380,"href":"https:\/\/agora.xtec.cat\/acad-cultura\/wp-json\/wp\/v2\/posts\/1379\/revisions\/1380"}],"wp:featuredmedia":[{"embeddable":true,"href":"https:\/\/agora.xtec.cat\/acad-cultura\/wp-json\/wp\/v2\/media\/1381"}],"wp:attachment":[{"href":"https:\/\/agora.xtec.cat\/acad-cultura\/wp-json\/wp\/v2\/media?parent=1379"}],"wp:term":[{"taxonomy":"category","embeddable":true,"href":"https:\/\/agora.xtec.cat\/acad-cultura\/wp-json\/wp\/v2\/categories?post=1379"},{"taxonomy":"post_tag","embeddable":true,"href":"https:\/\/agora.xtec.cat\/acad-cultura\/wp-json\/wp\/v2\/tags?post=1379"}],"curies":[{"name":"wp","href":"https:\/\/api.w.org\/{rel}","templated":true}]}}