{"id":1362,"date":"2022-06-17T09:01:02","date_gmt":"2022-06-17T07:01:02","guid":{"rendered":"https:\/\/agora.xtec.cat\/acad-cultura\/?p=1362"},"modified":"2022-06-17T09:01:02","modified_gmt":"2022-06-17T07:01:02","slug":"visita-a-lacademia","status":"publish","type":"post","link":"https:\/\/agora.xtec.cat\/acad-cultura\/general\/visita-a-lacademia\/","title":{"rendered":"VISITA A L&#8217;ACADEMIA"},"content":{"rendered":"<div class=\"njsxS qhSqO TiApU allowTextSelection\" tabindex=\"-1\" role=\"region\" aria-label=\"Cuerpo del mensaje\">\n<div>\n<div class=\"rps_5be4\">\n<div>\n<div dir=\"ltr\">\n<div>\n<p class=\"x_MsoNormal\"><span lang=\"CA\">Dimecres vam <\/span><span lang=\"CA\">tenir la satisfacci\u00f3 de rebre a la nostra escola la visita del conseller d\u2019Educaci\u00f3, l\u2019Honorable Sr. Josep Gonz\u00e0lez-Cambray, acompanyat per la nostra alcaldessa, l\u2019<\/span>Il\u00b7lma. Sra. N\u00faria Mar\u00edn <span lang=\"CA\">, el regidor d\u2019educaci\u00f3 Sr. David Quir\u00f3s i altres c\u00e0rrecs del Departament.<\/span><\/p>\n<p class=\"x_MsoNormal\"><span lang=\"CA\">El conseller va ser rebut per la comunitat educativa de l\u2019Acad\u00e8mia i posteriorment es va reunir amb membres del Consell Escolar. Ens va comunicar que la modificaci\u00f3 del Decret ja s\u2019havia aprovat al Parlament i que, tot i que encara queden alguns temes per tancar, el trasp\u00e0s cap al nou Institut Escola Mar\u00eda Miret ja era un fet. L\u2019alcaldessa i els membres de la comunitat educativa li vam traslladar la nostra satisfacci\u00f3 i el nostre agra\u00efment per tot plegat.<\/span><\/p>\n<p><a href=\"https:\/\/agora.xtec.cat\/acad-cultura\/wp-content\/uploads\/usu2542\/2022\/06\/PHOTO-2022-06-16-10-00-0-e1655448978422.jpg\"><img loading=\"lazy\" decoding=\"async\" class=\"alignleft wp-image-1364 size-medium\" src=\"https:\/\/agora.xtec.cat\/acad-cultura\/wp-content\/uploads\/usu2542\/2022\/06\/PHOTO-2022-06-16-10-00-0-300x197.jpg\" alt=\"\" width=\"300\" height=\"197\" \/><\/a><a href=\"https:\/\/agora.xtec.cat\/acad-cultura\/wp-content\/uploads\/usu2542\/2022\/06\/PHOTO-2022-06-16-10-00-06-e1655449009921.jpg\"><img loading=\"lazy\" decoding=\"async\" class=\"alignleft wp-image-1366 size-medium\" src=\"https:\/\/agora.xtec.cat\/acad-cultura\/wp-content\/uploads\/usu2542\/2022\/06\/PHOTO-2022-06-16-10-00-06-300x200.jpg\" alt=\"\" width=\"300\" height=\"200\" \/><\/a><a href=\"https:\/\/agora.xtec.cat\/acad-cultura\/wp-content\/uploads\/usu2542\/2022\/06\/PHOTO-2022-06-16-10-00-11-e1655449042497.jpg\"><img loading=\"lazy\" decoding=\"async\" class=\"alignleft wp-image-1370 size-medium\" src=\"https:\/\/agora.xtec.cat\/acad-cultura\/wp-content\/uploads\/usu2542\/2022\/06\/PHOTO-2022-06-16-10-00-11-300x225.jpg\" alt=\"\" width=\"300\" height=\"225\" \/><\/a><a href=\"https:\/\/agora.xtec.cat\/acad-cultura\/wp-content\/uploads\/usu2542\/2022\/06\/PHOTO-2022-06-16-10-00-09-e1655449071220.jpg\"><img loading=\"lazy\" decoding=\"async\" class=\"alignleft wp-image-1369 size-medium\" src=\"https:\/\/agora.xtec.cat\/acad-cultura\/wp-content\/uploads\/usu2542\/2022\/06\/PHOTO-2022-06-16-10-00-09-300x200.jpg\" alt=\"\" width=\"300\" height=\"200\" \/><\/a><a href=\"https:\/\/agora.xtec.cat\/acad-cultura\/wp-content\/uploads\/usu2542\/2022\/06\/PHOTO-2022-06-16-10-00-.jpg\"><img loading=\"lazy\" decoding=\"async\" class=\"alignleft wp-image-1363 size-medium\" src=\"https:\/\/agora.xtec.cat\/acad-cultura\/wp-content\/uploads\/usu2542\/2022\/06\/PHOTO-2022-06-16-10-00--300x200.jpg\" alt=\"\" width=\"300\" height=\"200\" srcset=\"https:\/\/agora.xtec.cat\/acad-cultura\/wp-content\/uploads\/usu2542\/2022\/06\/PHOTO-2022-06-16-10-00--300x200.jpg 300w, https:\/\/agora.xtec.cat\/acad-cultura\/wp-content\/uploads\/usu2542\/2022\/06\/PHOTO-2022-06-16-10-00--1024x682.jpg 1024w, https:\/\/agora.xtec.cat\/acad-cultura\/wp-content\/uploads\/usu2542\/2022\/06\/PHOTO-2022-06-16-10-00--768x512.jpg 768w, https:\/\/agora.xtec.cat\/acad-cultura\/wp-content\/uploads\/usu2542\/2022\/06\/PHOTO-2022-06-16-10-00-.jpg 1280w\" sizes=\"auto, (max-width: 300px) 100vw, 300px\" \/><\/a><a href=\"https:\/\/agora.xtec.cat\/acad-cultura\/wp-content\/uploads\/usu2542\/2022\/06\/PHOTO-2022-06-16-10-00-08-e1655449095255.jpg\"><img loading=\"lazy\" decoding=\"async\" class=\"alignleft wp-image-1368 size-medium\" src=\"https:\/\/agora.xtec.cat\/acad-cultura\/wp-content\/uploads\/usu2542\/2022\/06\/PHOTO-2022-06-16-10-00-08-300x200.jpg\" alt=\"\" width=\"300\" height=\"200\" \/><\/a><\/p>\n<\/div>\n<\/div>\n<\/div>\n<\/div>\n<\/div>\n<\/div>\n","protected":false},"excerpt":{"rendered":"<p>Dimecres vam tenir la satisfacci\u00f3 de rebre a la nostra escola la visita del conseller d\u2019Educaci\u00f3, l\u2019Honorable Sr. Josep Gonz\u00e0lez-Cambray, acompanyat per la nostra alcaldessa, l\u2019Il\u00b7lma. Sra. N\u00faria Mar\u00edn , el regidor d\u2019educaci\u00f3 Sr. David Quir\u00f3s i altres c\u00e0rrecs del Departament.<br \/>\nEl conseller va ser rebut&hellip;  <a href=\"https:\/\/agora.xtec.cat\/acad-cultura\/general\/visita-a-lacademia\/\" title=\"Read VISITA A L&#8217;ACADEMIA\">Llegeix m\u00e9s\u00bb<\/a><\/p>\n","protected":false},"author":1,"featured_media":1365,"comment_status":"open","ping_status":"closed","sticky":false,"template":"","format":"standard","meta":{"_bbp_topic_count":0,"_bbp_reply_count":0,"_bbp_total_topic_count":0,"_bbp_total_reply_count":0,"_bbp_voice_count":0,"_bbp_anonymous_reply_count":0,"_bbp_topic_count_hidden":0,"_bbp_reply_count_hidden":0,"_bbp_forum_subforum_count":0,"footnotes":""},"categories":[1],"tags":[],"class_list":["post-1362","post","type-post","status-publish","format-standard","has-post-thumbnail","hentry","category-general"],"post_mailing_queue_ids":[],"_links":{"self":[{"href":"https:\/\/agora.xtec.cat\/acad-cultura\/wp-json\/wp\/v2\/posts\/1362","targetHints":{"allow":["GET"]}}],"collection":[{"href":"https:\/\/agora.xtec.cat\/acad-cultura\/wp-json\/wp\/v2\/posts"}],"about":[{"href":"https:\/\/agora.xtec.cat\/acad-cultura\/wp-json\/wp\/v2\/types\/post"}],"author":[{"embeddable":true,"href":"https:\/\/agora.xtec.cat\/acad-cultura\/wp-json\/wp\/v2\/users\/1"}],"replies":[{"embeddable":true,"href":"https:\/\/agora.xtec.cat\/acad-cultura\/wp-json\/wp\/v2\/comments?post=1362"}],"version-history":[{"count":3,"href":"https:\/\/agora.xtec.cat\/acad-cultura\/wp-json\/wp\/v2\/posts\/1362\/revisions"}],"predecessor-version":[{"id":1378,"href":"https:\/\/agora.xtec.cat\/acad-cultura\/wp-json\/wp\/v2\/posts\/1362\/revisions\/1378"}],"wp:featuredmedia":[{"embeddable":true,"href":"https:\/\/agora.xtec.cat\/acad-cultura\/wp-json\/wp\/v2\/media\/1365"}],"wp:attachment":[{"href":"https:\/\/agora.xtec.cat\/acad-cultura\/wp-json\/wp\/v2\/media?parent=1362"}],"wp:term":[{"taxonomy":"category","embeddable":true,"href":"https:\/\/agora.xtec.cat\/acad-cultura\/wp-json\/wp\/v2\/categories?post=1362"},{"taxonomy":"post_tag","embeddable":true,"href":"https:\/\/agora.xtec.cat\/acad-cultura\/wp-json\/wp\/v2\/tags?post=1362"}],"curies":[{"name":"wp","href":"https:\/\/api.w.org\/{rel}","templated":true}]}}