{"id":1357,"date":"2022-06-07T20:44:46","date_gmt":"2022-06-07T18:44:46","guid":{"rendered":"https:\/\/agora.xtec.cat\/acad-cultura\/?p=1357"},"modified":"2022-06-07T20:45:07","modified_gmt":"2022-06-07T18:45:07","slug":"calendari-fruita-juny","status":"publish","type":"post","link":"https:\/\/agora.xtec.cat\/acad-cultura\/general\/calendari-fruita-juny\/","title":{"rendered":"CALENDARI FRUITA I LLET &#8211; JUNY"},"content":{"rendered":"<p>El calendari pel m\u00e9s de juny ser\u00e0 el seg\u00fcent:<\/p>\n<ul>\n<li>Cada dimarts i dijous repartirem llet.<\/li>\n<li>Dimecres 8: Albercoc<\/li>\n<li>Dijous 9: Pr\u00e9ssec<\/li>\n<li>Divendres 10: Cireres<\/li>\n<\/ul>\n<p><strong>Recordeu que, per poder repartir la llet, els nens i les nenes <em>han de portar un got de pl\u00e0stic marcat amb el seu nom<\/em> dins de la motxilla.<\/strong><\/p>\n<p>Us recomanem portar el got amb una bosseta de pl\u00e0stic per tal de no mullar els llibres.<\/p>\n","protected":false},"excerpt":{"rendered":"<p>El calendari pel m\u00e9s de juny ser\u00e0 el seg\u00fcent:<\/p>\n<ul>\n<li>Cada dimarts i dijous repartirem llet.<\/li>\n<li>Dimecres 8: Albercoc<\/li>\n<li>Dijous 9: Pr\u00e9ssec<\/li>\n<li>Divendres 10: Cireres<\/li>\n<\/ul>\n<p>Recordeu que, per poder repartir la llet, els nens i les nenes han de portar un got de pl\u00e0stic marcat amb el seu nom dins de&hellip;  <a href=\"https:\/\/agora.xtec.cat\/acad-cultura\/general\/calendari-fruita-juny\/\" title=\"Read CALENDARI FRUITA I LLET &#8211; JUNY\">Llegeix m\u00e9s\u00bb<\/a><\/p>\n","protected":false},"author":1,"featured_media":0,"comment_status":"open","ping_status":"closed","sticky":false,"template":"","format":"standard","meta":{"_bbp_topic_count":0,"_bbp_reply_count":0,"_bbp_total_topic_count":0,"_bbp_total_reply_count":0,"_bbp_voice_count":0,"_bbp_anonymous_reply_count":0,"_bbp_topic_count_hidden":0,"_bbp_reply_count_hidden":0,"_bbp_forum_subforum_count":0,"footnotes":""},"categories":[1],"tags":[],"class_list":["post-1357","post","type-post","status-publish","format-standard","hentry","category-general"],"post_mailing_queue_ids":[],"_links":{"self":[{"href":"https:\/\/agora.xtec.cat\/acad-cultura\/wp-json\/wp\/v2\/posts\/1357","targetHints":{"allow":["GET"]}}],"collection":[{"href":"https:\/\/agora.xtec.cat\/acad-cultura\/wp-json\/wp\/v2\/posts"}],"about":[{"href":"https:\/\/agora.xtec.cat\/acad-cultura\/wp-json\/wp\/v2\/types\/post"}],"author":[{"embeddable":true,"href":"https:\/\/agora.xtec.cat\/acad-cultura\/wp-json\/wp\/v2\/users\/1"}],"replies":[{"embeddable":true,"href":"https:\/\/agora.xtec.cat\/acad-cultura\/wp-json\/wp\/v2\/comments?post=1357"}],"version-history":[{"count":3,"href":"https:\/\/agora.xtec.cat\/acad-cultura\/wp-json\/wp\/v2\/posts\/1357\/revisions"}],"predecessor-version":[{"id":1360,"href":"https:\/\/agora.xtec.cat\/acad-cultura\/wp-json\/wp\/v2\/posts\/1357\/revisions\/1360"}],"wp:attachment":[{"href":"https:\/\/agora.xtec.cat\/acad-cultura\/wp-json\/wp\/v2\/media?parent=1357"}],"wp:term":[{"taxonomy":"category","embeddable":true,"href":"https:\/\/agora.xtec.cat\/acad-cultura\/wp-json\/wp\/v2\/categories?post=1357"},{"taxonomy":"post_tag","embeddable":true,"href":"https:\/\/agora.xtec.cat\/acad-cultura\/wp-json\/wp\/v2\/tags?post=1357"}],"curies":[{"name":"wp","href":"https:\/\/api.w.org\/{rel}","templated":true}]}}