{"id":1351,"date":"2022-05-16T14:15:10","date_gmt":"2022-05-16T12:15:10","guid":{"rendered":"https:\/\/agora.xtec.cat\/acad-cultura\/?p=1351"},"modified":"2022-05-16T14:15:38","modified_gmt":"2022-05-16T12:15:38","slug":"fruita-i-llet-a-les-escoles-maig","status":"publish","type":"post","link":"https:\/\/agora.xtec.cat\/acad-cultura\/general\/fruita-i-llet-a-les-escoles-maig\/","title":{"rendered":"CALENDARI FRUITA I LLET &#8211; MAIG"},"content":{"rendered":"<p>El calendari previst pel m\u00e9s de maig ser\u00e0 el seg\u00fcent:<\/p>\n<ul>\n<li>Cada dimarts i dijous repartirem llet.<\/li>\n<li>Dimarts 18: Albercoc<\/li>\n<li>Dimecres 19: Pl\u00e0tan<\/li>\n<li>Dijous 20: Cherry<\/li>\n<\/ul>\n<p><strong>Recordeu que, per poder repartir la llet, els nens i les nenes <em>han de portar un got de pl\u00e0stic marcat amb el seu nom<\/em> dins de la motxilla.<\/strong><\/p>\n<p>Us recomanem portar el got amb una bosseta de pl\u00e0stic per tal de no mullar els llibres.<\/p>\n","protected":false},"excerpt":{"rendered":"<p>El calendari previst pel m\u00e9s de maig ser\u00e0 el seg\u00fcent:<\/p>\n<ul>\n<li>Cada dimarts i dijous repartirem llet.<\/li>\n<li>Dimarts 18: Albercoc<\/li>\n<li>Dimecres 19: Pl\u00e0tan<\/li>\n<li>Dijous 20: Cherry<\/li>\n<\/ul>\n<p>Recordeu que, per poder repartir la llet, els nens i les nenes han de portar un got de pl\u00e0stic marcat amb el seu nom dins&hellip;  <a href=\"https:\/\/agora.xtec.cat\/acad-cultura\/general\/fruita-i-llet-a-les-escoles-maig\/\" title=\"Read CALENDARI FRUITA I LLET &#8211; MAIG\">Llegeix m\u00e9s\u00bb<\/a><\/p>\n","protected":false},"author":1,"featured_media":1352,"comment_status":"closed","ping_status":"closed","sticky":false,"template":"","format":"standard","meta":{"_bbp_topic_count":0,"_bbp_reply_count":0,"_bbp_total_topic_count":0,"_bbp_total_reply_count":0,"_bbp_voice_count":0,"_bbp_anonymous_reply_count":0,"_bbp_topic_count_hidden":0,"_bbp_reply_count_hidden":0,"_bbp_forum_subforum_count":0,"footnotes":""},"categories":[1],"tags":[],"class_list":["post-1351","post","type-post","status-publish","format-standard","has-post-thumbnail","hentry","category-general"],"post_mailing_queue_ids":[],"_links":{"self":[{"href":"https:\/\/agora.xtec.cat\/acad-cultura\/wp-json\/wp\/v2\/posts\/1351","targetHints":{"allow":["GET"]}}],"collection":[{"href":"https:\/\/agora.xtec.cat\/acad-cultura\/wp-json\/wp\/v2\/posts"}],"about":[{"href":"https:\/\/agora.xtec.cat\/acad-cultura\/wp-json\/wp\/v2\/types\/post"}],"author":[{"embeddable":true,"href":"https:\/\/agora.xtec.cat\/acad-cultura\/wp-json\/wp\/v2\/users\/1"}],"replies":[{"embeddable":true,"href":"https:\/\/agora.xtec.cat\/acad-cultura\/wp-json\/wp\/v2\/comments?post=1351"}],"version-history":[{"count":2,"href":"https:\/\/agora.xtec.cat\/acad-cultura\/wp-json\/wp\/v2\/posts\/1351\/revisions"}],"predecessor-version":[{"id":1354,"href":"https:\/\/agora.xtec.cat\/acad-cultura\/wp-json\/wp\/v2\/posts\/1351\/revisions\/1354"}],"wp:featuredmedia":[{"embeddable":true,"href":"https:\/\/agora.xtec.cat\/acad-cultura\/wp-json\/wp\/v2\/media\/1352"}],"wp:attachment":[{"href":"https:\/\/agora.xtec.cat\/acad-cultura\/wp-json\/wp\/v2\/media?parent=1351"}],"wp:term":[{"taxonomy":"category","embeddable":true,"href":"https:\/\/agora.xtec.cat\/acad-cultura\/wp-json\/wp\/v2\/categories?post=1351"},{"taxonomy":"post_tag","embeddable":true,"href":"https:\/\/agora.xtec.cat\/acad-cultura\/wp-json\/wp\/v2\/tags?post=1351"}],"curies":[{"name":"wp","href":"https:\/\/api.w.org\/{rel}","templated":true}]}}