{"id":1228,"date":"2022-02-21T18:08:23","date_gmt":"2022-02-21T17:08:23","guid":{"rendered":"https:\/\/agora.xtec.cat\/acad-cultura\/?p=1228"},"modified":"2022-02-21T23:08:04","modified_gmt":"2022-02-21T22:08:04","slug":"imatges-mobilitzacio-17-02-22","status":"publish","type":"post","link":"https:\/\/agora.xtec.cat\/acad-cultura\/general\/imatges-mobilitzacio-17-02-22\/","title":{"rendered":"IMATGES MOBILITZACI\u00d3 17\/02\/22"},"content":{"rendered":"<p>Aqu\u00ed us deixem un petit recull d&#8217;imatges de la mobilitzaci\u00f3 del passat 17 de febrer. El nostre agra\u00efment als que vau participar.<\/p>\n<p><a href=\"https:\/\/agora.xtec.cat\/acad-cultura\/wp-content\/uploads\/usu2542\/2022\/02\/resum_170222.jpg\"><img loading=\"lazy\" decoding=\"async\" class=\"alignnone wp-image-1229\" src=\"https:\/\/agora.xtec.cat\/acad-cultura\/wp-content\/uploads\/usu2542\/2022\/02\/resum_170222.jpg\" alt=\"\" width=\"1158\" height=\"1638\" srcset=\"https:\/\/agora.xtec.cat\/acad-cultura\/wp-content\/uploads\/usu2542\/2022\/02\/resum_170222.jpg 595w, https:\/\/agora.xtec.cat\/acad-cultura\/wp-content\/uploads\/usu2542\/2022\/02\/resum_170222-212x300.jpg 212w\" sizes=\"auto, (max-width: 1158px) 100vw, 1158px\" \/><\/a><\/p>\n","protected":false},"excerpt":{"rendered":"<p>Aqu\u00ed us deixem un petit recull d&#8217;imatges de la mobilitzaci\u00f3 del passat 17 de febrer. El nostre agra\u00efment als que vau participar.<br \/>\n<a href=\"https:\/\/agora.xtec.cat\/acad-cultura\/wp-content\/uploads\/usu2542\/2022\/02\/resum_170222.jpg\"><\/a><\/p>\n","protected":false},"author":4,"featured_media":0,"comment_status":"open","ping_status":"closed","sticky":false,"template":"","format":"standard","meta":{"_bbp_topic_count":0,"_bbp_reply_count":0,"_bbp_total_topic_count":0,"_bbp_total_reply_count":0,"_bbp_voice_count":0,"_bbp_anonymous_reply_count":0,"_bbp_topic_count_hidden":0,"_bbp_reply_count_hidden":0,"_bbp_forum_subforum_count":0,"footnotes":""},"categories":[1,104],"tags":[],"class_list":["post-1228","post","type-post","status-publish","format-standard","hentry","category-general","category-tancament"],"post_mailing_queue_ids":[],"_links":{"self":[{"href":"https:\/\/agora.xtec.cat\/acad-cultura\/wp-json\/wp\/v2\/posts\/1228","targetHints":{"allow":["GET"]}}],"collection":[{"href":"https:\/\/agora.xtec.cat\/acad-cultura\/wp-json\/wp\/v2\/posts"}],"about":[{"href":"https:\/\/agora.xtec.cat\/acad-cultura\/wp-json\/wp\/v2\/types\/post"}],"author":[{"embeddable":true,"href":"https:\/\/agora.xtec.cat\/acad-cultura\/wp-json\/wp\/v2\/users\/4"}],"replies":[{"embeddable":true,"href":"https:\/\/agora.xtec.cat\/acad-cultura\/wp-json\/wp\/v2\/comments?post=1228"}],"version-history":[{"count":1,"href":"https:\/\/agora.xtec.cat\/acad-cultura\/wp-json\/wp\/v2\/posts\/1228\/revisions"}],"predecessor-version":[{"id":1230,"href":"https:\/\/agora.xtec.cat\/acad-cultura\/wp-json\/wp\/v2\/posts\/1228\/revisions\/1230"}],"wp:attachment":[{"href":"https:\/\/agora.xtec.cat\/acad-cultura\/wp-json\/wp\/v2\/media?parent=1228"}],"wp:term":[{"taxonomy":"category","embeddable":true,"href":"https:\/\/agora.xtec.cat\/acad-cultura\/wp-json\/wp\/v2\/categories?post=1228"},{"taxonomy":"post_tag","embeddable":true,"href":"https:\/\/agora.xtec.cat\/acad-cultura\/wp-json\/wp\/v2\/tags?post=1228"}],"curies":[{"name":"wp","href":"https:\/\/api.w.org\/{rel}","templated":true}]}}