{"id":1141,"date":"2022-02-17T12:45:23","date_gmt":"2022-02-17T11:45:23","guid":{"rendered":"https:\/\/agora.xtec.cat\/acad-cultura\/?p=1141"},"modified":"2022-02-17T17:12:15","modified_gmt":"2022-02-17T16:12:15","slug":"mobilitzacio-palau-de-la-generalitat","status":"publish","type":"post","link":"https:\/\/agora.xtec.cat\/acad-cultura\/general\/mobilitzacio-palau-de-la-generalitat\/","title":{"rendered":"MOBILITZACI\u00d3 (PALAU DE LA GENERALITAT)"},"content":{"rendered":"<p>Estimades fam\u00edlies, amics\/amigues de l&#8217;Acad\u00e8mia Cultura i ve\u00efns del barri,<\/p>\n<p style=\"text-align: center;\">\u00a0Dintre de la programaci\u00f3 d\u2019activitats reinvicatives que es portaran a terme durant les properes setmanes,<\/p>\n<p style=\"text-align: center;\"><strong>AVUI TOCA ANAR AL PALAU DE LA GENERALITAT!!!<\/strong><\/p>\n<p style=\"text-align: center;\"><img decoding=\"async\" src=\"https:\/\/cdn02.visitbarcelona.com\/files\/5445-7500-Imagen\/palau-generalitat-catalunya-barcelona-pf-c1.jpg\" alt=\"Palau de la Generalitat - Visit Barcelona\" \/><\/p>\n<p style=\"text-align: center;\"><strong>A LES 18:00h HEM DE SER DAVANT LA SEVA PORTA<\/strong><\/p>\n<p style=\"text-align: center;\"><strong>El Palau es troba a la PLA\u00c7A DE SANT JAUME, DE BARCELONA\u00a0<\/strong><\/p>\n<p style=\"text-align: center;\"><strong>Podeu buscar la localitzaci\u00f3 i la forma d&#8217;anar a internet, per\u00f2, si voleu, podem anar tots junts. Des del col\u00b7legi sortirem un cop acabades les classes, a partir de les 17:15h.<\/strong><\/p>\n<p style=\"text-align: center;\">La parada de metro m\u00e9s propera \u00e9s la de <strong>Jaume I (L4, groga)<\/strong>. Cal agafar el metro a Santa Eul\u00e0lia (L1, vermella) i fer transbordament a l&#8217;estaci\u00f3 de Urquinaona.<\/p>\n<p style=\"text-align: center;\"><strong>PORTEU XIULETS, BOTXINES, TAMBORS, MEG\u00c0FONS O QUALSEVOL ALTRA COSA QUE SERVEIXI PER FER \u201cUNA MIQUETA\u201d DE SOROLL \ud83d\ude09 I PANCARTES O CARTELLS QUE EXPRESSIN EL NOSTRE MALESTAR I INDIGNACI\u00d3.\u00a0<\/strong><\/p>\n<p style=\"text-align: center;\"><strong>SI VENIU AMB ELS VOSTRES FILLS, ALUMNES DE L&#8217;ACAD\u00c8MIA, MILLOR AMB EL XANDALL DE L&#8217;ACAD\u00c8MIA POSAT, PER DISTINGIR-NOS I DIFERENCIAR-NOS DE LA RESTA DE PERSONES DE LA PLA\u00c7A.<\/strong><\/p>\n<p>Pot venir qui vulgui: alumnes, pares i mares, avis, familiars, treballadors, amics, coneguts, etc.<strong> HEM DE SER MOLTS, PER TANT, CRIDEU TOTHOM QUE VULGUI COL\u00b7LABORAR. <\/strong>Tamb\u00e9 s&#8217;ha enviat av\u00eds a antics alumnes i professors, que, en la mesura de les seves possibilitats, acudiran i tamb\u00e9 vindran companyes i companys del nostre sindicat majoritari, CCOO, sempre al nostre costat.<\/p>\n<p style=\"text-align: center;\"><strong>FAMILIES, SI US PLAU, COORDINEU-VOS A TRAV\u00c8S DEL GRUP DE WHATSAPP QUE TEN\u00cdU A LA VOSTRA DISPOSICI\u00d3<\/strong><\/p>\n<p style=\"text-align: center;\"><strong>MOLT IMPORTANT !!!!!! :<\/strong> LA NOSTRA ACTUACI\u00d3 I ACTITUD AVUI <strong>HA DE SER EN TOT MOMENT CORRECTA EDUCADA I RESPECTUOSA<\/strong> (COM SEMPRE HA ESTAT EN EL NOSTRE CAS I COM NO PODRIA SER MENYS EN ELS I LES INTEGRANTS D\u2019UNA COMUNITAT EDUCATIVA). PODEM FER SOROLL, CRIDAR, LLAN\u00c7AR CONSIGNES, MOSTRAR PANCARTES I CARTELLS, ETC.<strong> PER\u00d2 MAI INSULTAR O MOSTRAR UN COMPORTAMENT INAPROPIAT, REPROBABLE O VIOLENT. <\/strong><\/p>\n<p>Quan arribem, a m\u00e9s, de fer-nos veure i continuar incrementant la visibilitat del nostre problema, <strong>ENTREGAREM LES CARTES QUE ELS NOSTRES NENS I NENES*<\/strong> <strong>han fet aquests dies<\/strong>, adre\u00e7ades al Molt Honorable President de la Generalitat de Catalunya, el senyor Pere Aragon\u00e9s Garc\u00eda.<\/p>\n<p>*A les cartes dels nens i nenes, que son el nostre tresor m\u00e9s preuat, s\u2019afegiran tamb\u00e9 les cartes dels treballadors\/es del centre i de les families que\u00a0 han volgut col\u00b7laborar.<\/p>\n<p>Us deixem aqu\u00ed algunes fotografies de l\u2019activitat fren\u00e8tica que, a m\u00e9s de les classes i les activitats pr\u00f2pies de la programaci\u00f3 acad\u00e8mica normal del centre, s\u2019han portat a terme darrerament.<\/p>\n<p><a href=\"https:\/\/agora.xtec.cat\/acad-cultura\/wp-content\/uploads\/usu2542\/2022\/02\/aaa0.jpg\"><img loading=\"lazy\" decoding=\"async\" class=\"alignnone size-full wp-image-1200\" src=\"https:\/\/agora.xtec.cat\/acad-cultura\/wp-content\/uploads\/usu2542\/2022\/02\/aaa0.jpg\" alt=\"\" width=\"1024\" height=\"600\" srcset=\"https:\/\/agora.xtec.cat\/acad-cultura\/wp-content\/uploads\/usu2542\/2022\/02\/aaa0.jpg 1024w, https:\/\/agora.xtec.cat\/acad-cultura\/wp-content\/uploads\/usu2542\/2022\/02\/aaa0-300x176.jpg 300w, https:\/\/agora.xtec.cat\/acad-cultura\/wp-content\/uploads\/usu2542\/2022\/02\/aaa0-768x450.jpg 768w\" sizes=\"auto, (max-width: 1024px) 100vw, 1024px\" \/><\/a><\/p>\n<p><a href=\"https:\/\/agora.xtec.cat\/acad-cultura\/wp-content\/uploads\/usu2542\/2022\/02\/aaa0.jpeg\"><img loading=\"lazy\" decoding=\"async\" class=\"alignnone wp-image-1165\" src=\"https:\/\/agora.xtec.cat\/acad-cultura\/wp-content\/uploads\/usu2542\/2022\/02\/aaa0-1024x768.jpeg\" alt=\"\" width=\"428\" height=\"321\" srcset=\"https:\/\/agora.xtec.cat\/acad-cultura\/wp-content\/uploads\/usu2542\/2022\/02\/aaa0-1024x768.jpeg 1024w, https:\/\/agora.xtec.cat\/acad-cultura\/wp-content\/uploads\/usu2542\/2022\/02\/aaa0-300x225.jpeg 300w, https:\/\/agora.xtec.cat\/acad-cultura\/wp-content\/uploads\/usu2542\/2022\/02\/aaa0-768x576.jpeg 768w, https:\/\/agora.xtec.cat\/acad-cultura\/wp-content\/uploads\/usu2542\/2022\/02\/aaa0-1536x1152.jpeg 1536w, https:\/\/agora.xtec.cat\/acad-cultura\/wp-content\/uploads\/usu2542\/2022\/02\/aaa0-200x150.jpeg 200w, https:\/\/agora.xtec.cat\/acad-cultura\/wp-content\/uploads\/usu2542\/2022\/02\/aaa0.jpeg 2016w\" sizes=\"auto, (max-width: 428px) 100vw, 428px\" \/>\u00a0\u00a0\u00a0 <\/a><a href=\"https:\/\/agora.xtec.cat\/acad-cultura\/wp-content\/uploads\/usu2542\/2022\/02\/a1_A.jpg\"><img loading=\"lazy\" decoding=\"async\" class=\"alignnone wp-image-1168\" src=\"https:\/\/agora.xtec.cat\/acad-cultura\/wp-content\/uploads\/usu2542\/2022\/02\/a1_A-768x1024.jpg\" alt=\"\" width=\"379\" height=\"505\" srcset=\"https:\/\/agora.xtec.cat\/acad-cultura\/wp-content\/uploads\/usu2542\/2022\/02\/a1_A-768x1024.jpg 768w, https:\/\/agora.xtec.cat\/acad-cultura\/wp-content\/uploads\/usu2542\/2022\/02\/a1_A-225x300.jpg 225w, https:\/\/agora.xtec.cat\/acad-cultura\/wp-content\/uploads\/usu2542\/2022\/02\/a1_A.jpg 1000w\" sizes=\"auto, (max-width: 379px) 100vw, 379px\" \/><\/a><\/p>\n<p><a href=\"https:\/\/agora.xtec.cat\/acad-cultura\/wp-content\/uploads\/usu2542\/2022\/02\/aaa2_A.jpg\"><img loading=\"lazy\" decoding=\"async\" class=\"wp-image-1172 aligncenter\" src=\"https:\/\/agora.xtec.cat\/acad-cultura\/wp-content\/uploads\/usu2542\/2022\/02\/aaa2_A-768x1024.jpg\" alt=\"\" width=\"761\" height=\"1015\" srcset=\"https:\/\/agora.xtec.cat\/acad-cultura\/wp-content\/uploads\/usu2542\/2022\/02\/aaa2_A-768x1024.jpg 768w, https:\/\/agora.xtec.cat\/acad-cultura\/wp-content\/uploads\/usu2542\/2022\/02\/aaa2_A-225x300.jpg 225w, https:\/\/agora.xtec.cat\/acad-cultura\/wp-content\/uploads\/usu2542\/2022\/02\/aaa2_A.jpg 1000w\" sizes=\"auto, (max-width: 761px) 100vw, 761px\" \/><\/a><\/p>\n<p><a href=\"https:\/\/agora.xtec.cat\/acad-cultura\/wp-content\/uploads\/usu2542\/2022\/02\/aaa1_A.jpg\"><img loading=\"lazy\" decoding=\"async\" class=\"alignnone size-full wp-image-1171\" src=\"https:\/\/agora.xtec.cat\/acad-cultura\/wp-content\/uploads\/usu2542\/2022\/02\/aaa1_A.jpg\" alt=\"\" width=\"1000\" height=\"750\" srcset=\"https:\/\/agora.xtec.cat\/acad-cultura\/wp-content\/uploads\/usu2542\/2022\/02\/aaa1_A.jpg 1000w, https:\/\/agora.xtec.cat\/acad-cultura\/wp-content\/uploads\/usu2542\/2022\/02\/aaa1_A-300x225.jpg 300w, https:\/\/agora.xtec.cat\/acad-cultura\/wp-content\/uploads\/usu2542\/2022\/02\/aaa1_A-768x576.jpg 768w, https:\/\/agora.xtec.cat\/acad-cultura\/wp-content\/uploads\/usu2542\/2022\/02\/aaa1_A-200x150.jpg 200w\" sizes=\"auto, (max-width: 1000px) 100vw, 1000px\" \/><\/a><\/p>\n<p><a href=\"https:\/\/agora.xtec.cat\/acad-cultura\/wp-content\/uploads\/usu2542\/2022\/02\/aaaa.jpeg\"><img loading=\"lazy\" decoding=\"async\" class=\"alignnone size-large wp-image-1166\" src=\"https:\/\/agora.xtec.cat\/acad-cultura\/wp-content\/uploads\/usu2542\/2022\/02\/aaaa-1024x768.jpeg\" alt=\"\" width=\"1024\" height=\"768\" srcset=\"https:\/\/agora.xtec.cat\/acad-cultura\/wp-content\/uploads\/usu2542\/2022\/02\/aaaa-1024x768.jpeg 1024w, https:\/\/agora.xtec.cat\/acad-cultura\/wp-content\/uploads\/usu2542\/2022\/02\/aaaa-300x225.jpeg 300w, https:\/\/agora.xtec.cat\/acad-cultura\/wp-content\/uploads\/usu2542\/2022\/02\/aaaa-768x576.jpeg 768w, https:\/\/agora.xtec.cat\/acad-cultura\/wp-content\/uploads\/usu2542\/2022\/02\/aaaa-1536x1152.jpeg 1536w, https:\/\/agora.xtec.cat\/acad-cultura\/wp-content\/uploads\/usu2542\/2022\/02\/aaaa-200x150.jpeg 200w, https:\/\/agora.xtec.cat\/acad-cultura\/wp-content\/uploads\/usu2542\/2022\/02\/aaaa.jpeg 2016w\" sizes=\"auto, (max-width: 1024px) 100vw, 1024px\" \/><\/a><\/p>\n<p>Ja sabeu que el nostre tarann\u00e0 o senya d\u2019identitat m\u00e9s important, des del 1953 (any d\u2019inauguraci\u00f3 de l\u2019Acad\u00e8mia), sempre ha estat ser <strong>A M\u00c9S D\u2019UN COLE, UNA FAMILIA M\u00c9S DEL BARRI<\/strong>. Aquest <strong>ESPERIT ACOLLIDOR<\/strong>, fa que els infants que tenim (fills i filles en un alt percentatge de fam\u00edlies provinents d\u2019altres pa\u00efsos) majorit\u00e0riament s\u2019integrin amb rapidesa al nostre centre.<\/p>\n<p>El caliu que es viu a la nostra escola porta a una relaci\u00f3 d\u2019uni\u00f3 i fraternitat constant entre els nens i nenes i els seus docents, dif\u00edcil d\u2019explicar i traslladar als que \u201cno s\u00f3n \u00a0de l\u2019Acad\u00e8mia Cultura\u201d.<\/p>\n<p>Aix\u00f2 fa , per exemple, que alguns dels nostres joves, quan arriben a 4t d\u2019ESO i han de deixar el nostre centre, no ho vulguin fer ( i tornin constantment a visitar-nos despr\u00e9s) o que, en situacions complicades, com l\u2019actual, tothom s\u2019uneixi de forma espont\u00e0nia i volunt\u00e0ria (des dels nens m\u00e9s petitons, ara veure les imatges, fins a l\u2019\u00faltima persona del centre.) per intentar solucionar els problemes.<\/p>\n<p><a href=\"https:\/\/agora.xtec.cat\/acad-cultura\/wp-content\/uploads\/usu2542\/2022\/02\/aaa7_A.jpg\"><img loading=\"lazy\" decoding=\"async\" class=\"alignnone wp-image-1177\" src=\"https:\/\/agora.xtec.cat\/acad-cultura\/wp-content\/uploads\/usu2542\/2022\/02\/aaa7_A-473x1024.jpg\" alt=\"\" width=\"404\" height=\"875\" srcset=\"https:\/\/agora.xtec.cat\/acad-cultura\/wp-content\/uploads\/usu2542\/2022\/02\/aaa7_A-473x1024.jpg 473w, https:\/\/agora.xtec.cat\/acad-cultura\/wp-content\/uploads\/usu2542\/2022\/02\/aaa7_A-139x300.jpg 139w, https:\/\/agora.xtec.cat\/acad-cultura\/wp-content\/uploads\/usu2542\/2022\/02\/aaa7_A-768x1662.jpg 768w, https:\/\/agora.xtec.cat\/acad-cultura\/wp-content\/uploads\/usu2542\/2022\/02\/aaa7_A-710x1536.jpg 710w, https:\/\/agora.xtec.cat\/acad-cultura\/wp-content\/uploads\/usu2542\/2022\/02\/aaa7_A-946x2048.jpg 946w, https:\/\/agora.xtec.cat\/acad-cultura\/wp-content\/uploads\/usu2542\/2022\/02\/aaa7_A.jpg 1000w\" sizes=\"auto, (max-width: 404px) 100vw, 404px\" \/>\u00a0\u00a0\u00a0<\/a><a href=\"https:\/\/agora.xtec.cat\/acad-cultura\/wp-content\/uploads\/usu2542\/2022\/02\/aaa6_A.jpg\"><img loading=\"lazy\" decoding=\"async\" class=\"alignnone wp-image-1176\" src=\"https:\/\/agora.xtec.cat\/acad-cultura\/wp-content\/uploads\/usu2542\/2022\/02\/aaa6_A-473x1024.jpg\" alt=\"\" width=\"405\" height=\"877\" srcset=\"https:\/\/agora.xtec.cat\/acad-cultura\/wp-content\/uploads\/usu2542\/2022\/02\/aaa6_A-473x1024.jpg 473w, https:\/\/agora.xtec.cat\/acad-cultura\/wp-content\/uploads\/usu2542\/2022\/02\/aaa6_A-139x300.jpg 139w, https:\/\/agora.xtec.cat\/acad-cultura\/wp-content\/uploads\/usu2542\/2022\/02\/aaa6_A-768x1662.jpg 768w, https:\/\/agora.xtec.cat\/acad-cultura\/wp-content\/uploads\/usu2542\/2022\/02\/aaa6_A-710x1536.jpg 710w, https:\/\/agora.xtec.cat\/acad-cultura\/wp-content\/uploads\/usu2542\/2022\/02\/aaa6_A-946x2048.jpg 946w, https:\/\/agora.xtec.cat\/acad-cultura\/wp-content\/uploads\/usu2542\/2022\/02\/aaa6_A.jpg 1000w\" sizes=\"auto, (max-width: 405px) 100vw, 405px\" \/><\/a><\/p>\n<p><a href=\"https:\/\/agora.xtec.cat\/acad-cultura\/wp-content\/uploads\/usu2542\/2022\/02\/aaa3_A.jpg\"><img loading=\"lazy\" decoding=\"async\" class=\"alignnone size-large wp-image-1173\" src=\"https:\/\/agora.xtec.cat\/acad-cultura\/wp-content\/uploads\/usu2542\/2022\/02\/aaa3_A.jpg\" alt=\"\" width=\"1000\" height=\"461\" srcset=\"https:\/\/agora.xtec.cat\/acad-cultura\/wp-content\/uploads\/usu2542\/2022\/02\/aaa3_A.jpg 1000w, https:\/\/agora.xtec.cat\/acad-cultura\/wp-content\/uploads\/usu2542\/2022\/02\/aaa3_A-300x138.jpg 300w, https:\/\/agora.xtec.cat\/acad-cultura\/wp-content\/uploads\/usu2542\/2022\/02\/aaa3_A-768x354.jpg 768w\" sizes=\"auto, (max-width: 1000px) 100vw, 1000px\" \/><\/a><\/p>\n<p><a href=\"https:\/\/agora.xtec.cat\/acad-cultura\/wp-content\/uploads\/usu2542\/2022\/02\/aaa4_A.jpg\"><img loading=\"lazy\" decoding=\"async\" class=\"alignnone size-large wp-image-1174\" src=\"https:\/\/agora.xtec.cat\/acad-cultura\/wp-content\/uploads\/usu2542\/2022\/02\/aaa4_A.jpg\" alt=\"\" width=\"1000\" height=\"461\" srcset=\"https:\/\/agora.xtec.cat\/acad-cultura\/wp-content\/uploads\/usu2542\/2022\/02\/aaa4_A.jpg 1000w, https:\/\/agora.xtec.cat\/acad-cultura\/wp-content\/uploads\/usu2542\/2022\/02\/aaa4_A-300x138.jpg 300w, https:\/\/agora.xtec.cat\/acad-cultura\/wp-content\/uploads\/usu2542\/2022\/02\/aaa4_A-768x354.jpg 768w\" sizes=\"auto, (max-width: 1000px) 100vw, 1000px\" \/><\/a><\/p>\n<p><a href=\"https:\/\/agora.xtec.cat\/acad-cultura\/wp-content\/uploads\/usu2542\/2022\/02\/aaa5_A.jpg\"><img loading=\"lazy\" decoding=\"async\" class=\"alignnone size-large wp-image-1175\" src=\"https:\/\/agora.xtec.cat\/acad-cultura\/wp-content\/uploads\/usu2542\/2022\/02\/aaa5_A.jpg\" alt=\"\" width=\"1000\" height=\"461\" srcset=\"https:\/\/agora.xtec.cat\/acad-cultura\/wp-content\/uploads\/usu2542\/2022\/02\/aaa5_A.jpg 1000w, https:\/\/agora.xtec.cat\/acad-cultura\/wp-content\/uploads\/usu2542\/2022\/02\/aaa5_A-300x138.jpg 300w, https:\/\/agora.xtec.cat\/acad-cultura\/wp-content\/uploads\/usu2542\/2022\/02\/aaa5_A-768x354.jpg 768w\" sizes=\"auto, (max-width: 1000px) 100vw, 1000px\" \/><\/a><\/p>\n<p><a href=\"https:\/\/agora.xtec.cat\/acad-cultura\/wp-content\/uploads\/usu2542\/2022\/02\/aaa0-1.jpg\"><img loading=\"lazy\" decoding=\"async\" class=\"alignnone size-full wp-image-1202\" src=\"https:\/\/agora.xtec.cat\/acad-cultura\/wp-content\/uploads\/usu2542\/2022\/02\/aaa0-1.jpg\" alt=\"\" width=\"1000\" height=\"585\" srcset=\"https:\/\/agora.xtec.cat\/acad-cultura\/wp-content\/uploads\/usu2542\/2022\/02\/aaa0-1.jpg 1000w, https:\/\/agora.xtec.cat\/acad-cultura\/wp-content\/uploads\/usu2542\/2022\/02\/aaa0-1-300x176.jpg 300w, https:\/\/agora.xtec.cat\/acad-cultura\/wp-content\/uploads\/usu2542\/2022\/02\/aaa0-1-768x449.jpg 768w\" sizes=\"auto, (max-width: 1000px) 100vw, 1000px\" \/><\/a><\/p>\n<p>B\u00e9, despr\u00e9s de dir tot aix\u00f2, nom\u00e9s queda acomiadar-nos i empla\u00e7ar-vos a totes i tots a assistir, aquesta tarda a les 18:00h, al Palau de la Generalitat. I recordeu: <strong>SIGUEU QUI SIGUEU, VINGUEU D\u2019ON VINGUEU, SOU BENVINGUTS\/ES I ARA SOU PART DE L\u2019ACAD\u00c8MIA CULTURA.\u00a0 \u00a0 \u00a0 \u00a0 \u00a0 \u00a0 \u00a0 \u00a0 \u00a0 \u00a0 \u00a0FOR\u00c7A!!!<\/strong><\/p>\n","protected":false},"excerpt":{"rendered":"<p>Estimades fam\u00edlies, amics\/amigues de l&#8217;Acad\u00e8mia Cultura i ve\u00efns del barri,<br \/>\n\u00a0Dintre de la programaci\u00f3 d\u2019activitats reinvicatives que es portaran a terme durant les properes setmanes,<br \/>\nAVUI TOCA ANAR AL PALAU DE LA GENERALITAT!!!<\/p>\n<p>A LES 18:00h HEM DE SER DAVANT LA SEVA PORTA<br \/>\nEl Palau es troba a la&hellip;  <a href=\"https:\/\/agora.xtec.cat\/acad-cultura\/general\/mobilitzacio-palau-de-la-generalitat\/\" title=\"Read MOBILITZACI\u00d3 (PALAU DE LA GENERALITAT)\">Llegeix m\u00e9s\u00bb<\/a><\/p>\n","protected":false},"author":4,"featured_media":1164,"comment_status":"open","ping_status":"closed","sticky":false,"template":"","format":"standard","meta":{"_bbp_topic_count":0,"_bbp_reply_count":0,"_bbp_total_topic_count":0,"_bbp_total_reply_count":0,"_bbp_voice_count":0,"_bbp_anonymous_reply_count":0,"_bbp_topic_count_hidden":0,"_bbp_reply_count_hidden":0,"_bbp_forum_subforum_count":0,"footnotes":""},"categories":[1,104],"tags":[],"class_list":["post-1141","post","type-post","status-publish","format-standard","has-post-thumbnail","hentry","category-general","category-tancament"],"post_mailing_queue_ids":[],"_links":{"self":[{"href":"https:\/\/agora.xtec.cat\/acad-cultura\/wp-json\/wp\/v2\/posts\/1141","targetHints":{"allow":["GET"]}}],"collection":[{"href":"https:\/\/agora.xtec.cat\/acad-cultura\/wp-json\/wp\/v2\/posts"}],"about":[{"href":"https:\/\/agora.xtec.cat\/acad-cultura\/wp-json\/wp\/v2\/types\/post"}],"author":[{"embeddable":true,"href":"https:\/\/agora.xtec.cat\/acad-cultura\/wp-json\/wp\/v2\/users\/4"}],"replies":[{"embeddable":true,"href":"https:\/\/agora.xtec.cat\/acad-cultura\/wp-json\/wp\/v2\/comments?post=1141"}],"version-history":[{"count":3,"href":"https:\/\/agora.xtec.cat\/acad-cultura\/wp-json\/wp\/v2\/posts\/1141\/revisions"}],"predecessor-version":[{"id":1203,"href":"https:\/\/agora.xtec.cat\/acad-cultura\/wp-json\/wp\/v2\/posts\/1141\/revisions\/1203"}],"wp:featuredmedia":[{"embeddable":true,"href":"https:\/\/agora.xtec.cat\/acad-cultura\/wp-json\/wp\/v2\/media\/1164"}],"wp:attachment":[{"href":"https:\/\/agora.xtec.cat\/acad-cultura\/wp-json\/wp\/v2\/media?parent=1141"}],"wp:term":[{"taxonomy":"category","embeddable":true,"href":"https:\/\/agora.xtec.cat\/acad-cultura\/wp-json\/wp\/v2\/categories?post=1141"},{"taxonomy":"post_tag","embeddable":true,"href":"https:\/\/agora.xtec.cat\/acad-cultura\/wp-json\/wp\/v2\/tags?post=1141"}],"curies":[{"name":"wp","href":"https:\/\/api.w.org\/{rel}","templated":true}]}}