{"id":1113,"date":"2022-02-15T12:00:33","date_gmt":"2022-02-15T11:00:33","guid":{"rendered":"https:\/\/agora.xtec.cat\/acad-cultura\/?p=1113"},"modified":"2022-02-16T18:06:23","modified_gmt":"2022-02-16T17:06:23","slug":"ens-visiten-parlamentaris","status":"publish","type":"post","link":"https:\/\/agora.xtec.cat\/acad-cultura\/general\/ens-visiten-parlamentaris\/","title":{"rendered":"ENS VISITEN PARLAMENTARIS"},"content":{"rendered":"<p>Bon dia fam\u00edlies i amics\/amigues de l&#8217;Acad\u00e8mia,<\/p>\n<p>&nbsp;<\/p>\n<p>Dins de les accions programades en relaci\u00f3 a la problem\u00e0tica que ens ocupa aquests dies, <strong>us comuniquem que AVUI, DIA 15 DE FEBRER, sobre les 13 h, ens visitaran dos membres del Parlament de Catalunya, en concret s\u00f3n els diputats:<\/strong><\/p>\n<ul>\n<li><strong>ESTHER NIUB\u00d3* ( del Partit dels Socialistes de Catalunya, PSC).\u00a0<\/strong><\/li>\n<li><strong>JOAN CARLES GALLEGO* ( antic secretari general de CCOO de Catalunya i actualment pertanyent a la formaci\u00f3 En Com\u00fa Podem).\u00a0 \u00a0<\/strong><\/li>\n<\/ul>\n<p>&nbsp;<\/p>\n<p style=\"text-align: center;\"><a href=\"https:\/\/agora.xtec.cat\/acad-cultura\/wp-content\/uploads\/usu2542\/2022\/02\/ESTHER_NIUBO.jpg\"><img loading=\"lazy\" decoding=\"async\" class=\"alignnone wp-image-1115\" src=\"https:\/\/agora.xtec.cat\/acad-cultura\/wp-content\/uploads\/usu2542\/2022\/02\/ESTHER_NIUBO.jpg\" alt=\"\" width=\"226\" height=\"226\" srcset=\"https:\/\/agora.xtec.cat\/acad-cultura\/wp-content\/uploads\/usu2542\/2022\/02\/ESTHER_NIUBO.jpg 203w, https:\/\/agora.xtec.cat\/acad-cultura\/wp-content\/uploads\/usu2542\/2022\/02\/ESTHER_NIUBO-150x150.jpg 150w\" sizes=\"auto, (max-width: 226px) 100vw, 226px\" \/><\/a>\u00a0 \u00a0 \u00a0 <a href=\"https:\/\/agora.xtec.cat\/acad-cultura\/wp-content\/uploads\/usu2542\/2022\/02\/JC-Gallego.jpg\"><img loading=\"lazy\" decoding=\"async\" class=\"alignnone size-full wp-image-1114\" src=\"https:\/\/agora.xtec.cat\/acad-cultura\/wp-content\/uploads\/usu2542\/2022\/02\/JC-Gallego.jpg\" alt=\"\" width=\"225\" height=\"225\" srcset=\"https:\/\/agora.xtec.cat\/acad-cultura\/wp-content\/uploads\/usu2542\/2022\/02\/JC-Gallego.jpg 225w, https:\/\/agora.xtec.cat\/acad-cultura\/wp-content\/uploads\/usu2542\/2022\/02\/JC-Gallego-150x150.jpg 150w\" sizes=\"auto, (max-width: 225px) 100vw, 225px\" \/><\/a><\/p>\n<p>Agra\u00efm profundament que aquestes dues personalitats de l\u2019\u00e0mbit pol\u00edtic, s\u2019hagin preocupat per nostre problema i que hagin trobat un forat a la seva agenda per visitar-nos, informar-se i veure <em>in situ<\/em> la nostra escola i el nostre barri. Tamb\u00e9 coneixeran els nostres nens i nenes, les seves fam\u00edlies i els treballadors i treballadores del centre.<\/p>\n<p><strong><u>Degut a la import\u00e0ncia d\u2019aquesta visita us demanem a tots i totes que vingueu, per tal de poder transmetre directament a aquests dos parlamentaris el nostre neguit, preocupaci\u00f3 i fins i tot indignaci\u00f3, per la situaci\u00f3 creada pel Departament d\u2019Educaci\u00f3. <\/u><\/strong><\/p>\n<p>Gr\u00e0cies<\/p>\n<p>&nbsp;<\/p>\n<p>(*podeu ampliar m\u00e9s la informaci\u00f3 buscant els seus perfils a internet)<\/p>\n","protected":false},"excerpt":{"rendered":"<p>Bon dia fam\u00edlies i amics\/amigues de l&#8217;Acad\u00e8mia,<br \/>\n&nbsp;<br \/>\nDins de les accions programades en relaci\u00f3 a la problem\u00e0tica que ens ocupa aquests dies, us comuniquem que AVUI, DIA 15 DE FEBRER, sobre les 13 h, ens visitaran dos membres del Parlament de Catalunya, en concret s\u00f3n els&hellip;  <a href=\"https:\/\/agora.xtec.cat\/acad-cultura\/general\/ens-visiten-parlamentaris\/\" title=\"Read ENS VISITEN PARLAMENTARIS\">Llegeix m\u00e9s\u00bb<\/a><\/p>\n","protected":false},"author":4,"featured_media":0,"comment_status":"open","ping_status":"closed","sticky":false,"template":"","format":"standard","meta":{"_bbp_topic_count":0,"_bbp_reply_count":0,"_bbp_total_topic_count":0,"_bbp_total_reply_count":0,"_bbp_voice_count":0,"_bbp_anonymous_reply_count":0,"_bbp_topic_count_hidden":0,"_bbp_reply_count_hidden":0,"_bbp_forum_subforum_count":0,"footnotes":""},"categories":[1,104],"tags":[],"class_list":["post-1113","post","type-post","status-publish","format-standard","hentry","category-general","category-tancament"],"post_mailing_queue_ids":[],"_links":{"self":[{"href":"https:\/\/agora.xtec.cat\/acad-cultura\/wp-json\/wp\/v2\/posts\/1113","targetHints":{"allow":["GET"]}}],"collection":[{"href":"https:\/\/agora.xtec.cat\/acad-cultura\/wp-json\/wp\/v2\/posts"}],"about":[{"href":"https:\/\/agora.xtec.cat\/acad-cultura\/wp-json\/wp\/v2\/types\/post"}],"author":[{"embeddable":true,"href":"https:\/\/agora.xtec.cat\/acad-cultura\/wp-json\/wp\/v2\/users\/4"}],"replies":[{"embeddable":true,"href":"https:\/\/agora.xtec.cat\/acad-cultura\/wp-json\/wp\/v2\/comments?post=1113"}],"version-history":[{"count":1,"href":"https:\/\/agora.xtec.cat\/acad-cultura\/wp-json\/wp\/v2\/posts\/1113\/revisions"}],"predecessor-version":[{"id":1116,"href":"https:\/\/agora.xtec.cat\/acad-cultura\/wp-json\/wp\/v2\/posts\/1113\/revisions\/1116"}],"wp:attachment":[{"href":"https:\/\/agora.xtec.cat\/acad-cultura\/wp-json\/wp\/v2\/media?parent=1113"}],"wp:term":[{"taxonomy":"category","embeddable":true,"href":"https:\/\/agora.xtec.cat\/acad-cultura\/wp-json\/wp\/v2\/categories?post=1113"},{"taxonomy":"post_tag","embeddable":true,"href":"https:\/\/agora.xtec.cat\/acad-cultura\/wp-json\/wp\/v2\/tags?post=1113"}],"curies":[{"name":"wp","href":"https:\/\/api.w.org\/{rel}","templated":true}]}}