{"id":1099,"date":"2022-02-15T09:04:13","date_gmt":"2022-02-15T08:04:13","guid":{"rendered":"https:\/\/agora.xtec.cat\/acad-cultura\/?p=1099"},"modified":"2022-02-16T18:12:52","modified_gmt":"2022-02-16T17:12:52","slug":"nou-avis-de-tancament-tornem-a-comencar","status":"publish","type":"post","link":"https:\/\/agora.xtec.cat\/acad-cultura\/general\/nou-avis-de-tancament-tornem-a-comencar\/","title":{"rendered":"NOU AV\u00cdS DE TANCAMENT. TORNEM A COMEN\u00c7AR&#8230;"},"content":{"rendered":"<p>Estimades fam\u00edlies,<\/p>\n<p>Com sabeu des de fa una setmana, \u00a0dilluns passat ens vam assabentar a trav\u00e9s del sindicat CCOO (<strong><u>SORPRENENTMENT<\/u><\/strong><u> <strong>la titularitat a dia d\u2019avui no t\u00e9 cap comunicaci\u00f3 oficial<\/strong><\/u>), que el Conseller d\u2019Educaci\u00f3, el Sr. Josep Gonz\u00e1lez-Cambray ha desestimat de forma unilateral que l\u2019Acad\u00e8mia Cultura passi el curs vinent a integrar-se en la xarxa p\u00fablica de centres d\u2019ensenyament de Catalunya, trencant d\u2019aquesta manera el pacte acordat el 14 de maig de 2021, entre la titularitat del centre, el propietari de l\u2019edifici, l\u2019Ajuntament de L\u2019Hospitalet i el Conseller d\u2019Educaci\u00f3 d\u2019aquell moment.<\/p>\n<p>Aix\u00f2 ens fa tornar a entrar en una situaci\u00f3 molt semblant (per\u00f2 no igual) a la que, malauradament, vam patir l\u2019any passat, amb un <strong>anunci de tancament for\u00e7\u00f3s del centre<\/strong>.<\/p>\n<p>La proposta actual de la Generalitat i les seves conseq\u00fc\u00e8ncies es poden resumir en els seg\u00fcents punts:<\/p>\n<ul>\n<li><strong>For\u00e7ament del tancament de l\u2019Acad\u00e8mia al finalitzar el present curs<\/strong> (ja que al no respectar l\u2019acord de 2021 fa in\u00fatil l\u2019esfor\u00e7 de la titularitat i el propietari de l\u2019edifici, compromesos a mantenir l\u2019escola oberta un curs m\u00e9s, l\u2019actual curs 2021-22).<\/li>\n<li><strong>Trencament de l\u2019actual estructura del centre<\/strong>, fent que <u>els alumnes m\u00e9s petits (Ed. Infantil i Prim\u00e0ria) siguin reubicats en els barracots del carrer Mas n\u00ba20<\/u> , que quedaran lliures a finals d\u2019aquest curs i <u>que tots els alumnes de l\u2019ESO marxin del barri<\/u>, cap al centre p\u00fablic Eduard Fontser\u00e8, de La Florida (ara, comparteixen una mateixa estructura i unitat educativa).<\/li>\n<li><strong>Construcci\u00f3 d&#8217;un nou centre <\/strong>(sense data concreta d\u2019inici i finalitzaci\u00f3 de les obres, per\u00f2 per un per\u00edode estimat de diversos anys) <strong>EN EL MATEIX ESPAI QUE OCUPARIEN ELS NOSTRES ALUMNES D\u2019INFANTIL I PRIM\u00c0RIA <\/strong>(el solar amb barracots del carrer Mas) <strong>, <\/strong>sense que puguem esbrinar com faran compatibles tenir alhora els nens i nenes i construir l\u2019edifici en el mateix espai.<\/li>\n<li><strong>Acomiadament del 100% del personal del centre<\/strong> (tant personal docent, com de secretaria i de serveis), ja que al no complir l\u2019acord, que contemplava (al finalitzar aquest curs) que el personal pass\u00e9s a formar part del personal de la xarxa p\u00fablica de Catalunya, el tancament de l\u2019Acad\u00e8mia provoca l\u2019extinci\u00f3 dels seus contractes.<\/li>\n<\/ul>\n<p>Davant de la gravetat de tot l\u2019exposat, <strong><u>la titularitat i el personal de l\u2019Acad\u00e8mia expressa la m\u00e9s profunda sorpresa, decepci\u00f3, malestar i rebuig per la decisi\u00f3 unilateral pressa pel Conseller Gonz\u00e1lez-Cambray i el Departament d\u2019Educaci\u00f3 <\/u><\/strong>i es planteja debatre amb les fam\u00edlies dels nostres nens i nenes, amb l\u2019Ajuntament de l\u2019Hospitalet i amb el sindicat Comisions Obreres de Catalunya, sindicat de representaci\u00f3 majorit\u00e0ria al nostre centre, el prendre accions encaminades a reconduir la situaci\u00f3 i fer que el Departament d\u2019Educaci\u00f3 rectifiqui i compleixi els compromisos adoptats en maig del 2021.<\/p>\n<p>Com sempre restem a la vostra disposici\u00f3.<\/p>\n<p>Rebeu una cordial salutaci\u00f3.<\/p>\n<p>LA DIRECCI\u00d3<\/p>\n<p>(a continuaci\u00f3, per si voleu ampliar la informaci\u00f3, us deixem un document realitzat per CCOO on es detallen els antecedents, la situaci\u00f3 actual i la seva proposta de soluci\u00f3:\u00a0 <a href=\"https:\/\/agora.xtec.cat\/acad-cultura\/wp-content\/uploads\/usu2542\/2022\/02\/preguntes-AC.pdf\">preguntes AC<\/a>)<\/p>\n<p>&nbsp;<\/p>\n<p>&nbsp;<\/p>\n","protected":false},"excerpt":{"rendered":"<p>Trencament per part de la Generalitat de l&#8217;acord de 2020.&hellip;  <a href=\"https:\/\/agora.xtec.cat\/acad-cultura\/general\/nou-avis-de-tancament-tornem-a-comencar\/\" title=\"Read NOU AV\u00cdS DE TANCAMENT. TORNEM A COMEN\u00c7AR&#8230;\">Llegeix m\u00e9s\u00bb<\/a><\/p>\n","protected":false},"author":4,"featured_media":1111,"comment_status":"open","ping_status":"closed","sticky":false,"template":"","format":"standard","meta":{"_bbp_topic_count":0,"_bbp_reply_count":0,"_bbp_total_topic_count":0,"_bbp_total_reply_count":0,"_bbp_voice_count":0,"_bbp_anonymous_reply_count":0,"_bbp_topic_count_hidden":0,"_bbp_reply_count_hidden":0,"_bbp_forum_subforum_count":0,"footnotes":""},"categories":[1,104],"tags":[],"class_list":["post-1099","post","type-post","status-publish","format-standard","has-post-thumbnail","hentry","category-general","category-tancament"],"post_mailing_queue_ids":[],"_links":{"self":[{"href":"https:\/\/agora.xtec.cat\/acad-cultura\/wp-json\/wp\/v2\/posts\/1099","targetHints":{"allow":["GET"]}}],"collection":[{"href":"https:\/\/agora.xtec.cat\/acad-cultura\/wp-json\/wp\/v2\/posts"}],"about":[{"href":"https:\/\/agora.xtec.cat\/acad-cultura\/wp-json\/wp\/v2\/types\/post"}],"author":[{"embeddable":true,"href":"https:\/\/agora.xtec.cat\/acad-cultura\/wp-json\/wp\/v2\/users\/4"}],"replies":[{"embeddable":true,"href":"https:\/\/agora.xtec.cat\/acad-cultura\/wp-json\/wp\/v2\/comments?post=1099"}],"version-history":[{"count":3,"href":"https:\/\/agora.xtec.cat\/acad-cultura\/wp-json\/wp\/v2\/posts\/1099\/revisions"}],"predecessor-version":[{"id":1117,"href":"https:\/\/agora.xtec.cat\/acad-cultura\/wp-json\/wp\/v2\/posts\/1099\/revisions\/1117"}],"wp:featuredmedia":[{"embeddable":true,"href":"https:\/\/agora.xtec.cat\/acad-cultura\/wp-json\/wp\/v2\/media\/1111"}],"wp:attachment":[{"href":"https:\/\/agora.xtec.cat\/acad-cultura\/wp-json\/wp\/v2\/media?parent=1099"}],"wp:term":[{"taxonomy":"category","embeddable":true,"href":"https:\/\/agora.xtec.cat\/acad-cultura\/wp-json\/wp\/v2\/categories?post=1099"},{"taxonomy":"post_tag","embeddable":true,"href":"https:\/\/agora.xtec.cat\/acad-cultura\/wp-json\/wp\/v2\/tags?post=1099"}],"curies":[{"name":"wp","href":"https:\/\/api.w.org\/{rel}","templated":true}]}}