{"id":1079,"date":"2022-02-03T13:07:00","date_gmt":"2022-02-03T12:07:00","guid":{"rendered":"https:\/\/agora.xtec.cat\/acad-cultura\/?p=1079"},"modified":"2022-02-03T13:07:00","modified_gmt":"2022-02-03T12:07:00","slug":"suspensio-de-la-realitzacio-de-tests-dantigens","status":"publish","type":"post","link":"https:\/\/agora.xtec.cat\/acad-cultura\/general\/suspensio-de-la-realitzacio-de-tests-dantigens\/","title":{"rendered":"Suspensi\u00f3 de la realitzaci\u00f3 de tests d&#8217;ant\u00edgens"},"content":{"rendered":"<p>Benvolgudes families,<\/p>\n<p>El Departament d&#8217;Educaci\u00f3 ens informa que, davant la millora de l&#8217;escenari epidemiol\u00f2gic, <strong>a partir del proper dilluns 7 de febrer<\/strong> <strong>se susp\u00e9n la realitzaci\u00f3 dels tests d&#8217;antigens<\/strong> <strong>a l&#8217;alumnat<\/strong> d&#8217;educaci\u00f3 infantil, prim\u00e0ria i secund\u00e0ria quan es produeixi un cas positiu al grup de conviv\u00e8ncia estable.<\/p>\n<p>Nom\u00e8s es mantindran puntualment per a alguns casos, que seran indicats pels serveis de vigil\u00e0ncia epidemiol\u00f2gica.<\/p>\n","protected":false},"excerpt":{"rendered":"<p>Benvolgudes families,<br \/>\nEl Departament d&#8217;Educaci\u00f3 ens informa que, davant la millora de l&#8217;escenari epidemiol\u00f2gic, a partir del proper dilluns 7 de febrer se susp\u00e9n la realitzaci\u00f3 dels tests d&#8217;antigens a l&#8217;alumnat d&#8217;educaci\u00f3 infantil, prim\u00e0ria i secund\u00e0ria quan es produeixi un cas positiu al grup de conviv\u00e8ncia&hellip;  <a href=\"https:\/\/agora.xtec.cat\/acad-cultura\/general\/suspensio-de-la-realitzacio-de-tests-dantigens\/\" title=\"Read Suspensi\u00f3 de la realitzaci\u00f3 de tests d&#8217;ant\u00edgens\">Llegeix m\u00e9s\u00bb<\/a><\/p>\n","protected":false},"author":4,"featured_media":1080,"comment_status":"open","ping_status":"closed","sticky":false,"template":"","format":"standard","meta":{"_bbp_topic_count":0,"_bbp_reply_count":0,"_bbp_total_topic_count":0,"_bbp_total_reply_count":0,"_bbp_voice_count":0,"_bbp_anonymous_reply_count":0,"_bbp_topic_count_hidden":0,"_bbp_reply_count_hidden":0,"_bbp_forum_subforum_count":0,"footnotes":""},"categories":[1],"tags":[],"class_list":["post-1079","post","type-post","status-publish","format-standard","has-post-thumbnail","hentry","category-general"],"post_mailing_queue_ids":[],"_links":{"self":[{"href":"https:\/\/agora.xtec.cat\/acad-cultura\/wp-json\/wp\/v2\/posts\/1079","targetHints":{"allow":["GET"]}}],"collection":[{"href":"https:\/\/agora.xtec.cat\/acad-cultura\/wp-json\/wp\/v2\/posts"}],"about":[{"href":"https:\/\/agora.xtec.cat\/acad-cultura\/wp-json\/wp\/v2\/types\/post"}],"author":[{"embeddable":true,"href":"https:\/\/agora.xtec.cat\/acad-cultura\/wp-json\/wp\/v2\/users\/4"}],"replies":[{"embeddable":true,"href":"https:\/\/agora.xtec.cat\/acad-cultura\/wp-json\/wp\/v2\/comments?post=1079"}],"version-history":[{"count":1,"href":"https:\/\/agora.xtec.cat\/acad-cultura\/wp-json\/wp\/v2\/posts\/1079\/revisions"}],"predecessor-version":[{"id":1081,"href":"https:\/\/agora.xtec.cat\/acad-cultura\/wp-json\/wp\/v2\/posts\/1079\/revisions\/1081"}],"wp:featuredmedia":[{"embeddable":true,"href":"https:\/\/agora.xtec.cat\/acad-cultura\/wp-json\/wp\/v2\/media\/1080"}],"wp:attachment":[{"href":"https:\/\/agora.xtec.cat\/acad-cultura\/wp-json\/wp\/v2\/media?parent=1079"}],"wp:term":[{"taxonomy":"category","embeddable":true,"href":"https:\/\/agora.xtec.cat\/acad-cultura\/wp-json\/wp\/v2\/categories?post=1079"},{"taxonomy":"post_tag","embeddable":true,"href":"https:\/\/agora.xtec.cat\/acad-cultura\/wp-json\/wp\/v2\/tags?post=1079"}],"curies":[{"name":"wp","href":"https:\/\/api.w.org\/{rel}","templated":true}]}}