{"id":1033,"date":"2022-01-10T20:21:59","date_gmt":"2022-01-10T19:21:59","guid":{"rendered":"https:\/\/agora.xtec.cat\/acad-cultura\/?p=1033"},"modified":"2022-01-10T20:33:40","modified_gmt":"2022-01-10T19:33:40","slug":"canvis-al-protocol-covid","status":"publish","type":"post","link":"https:\/\/agora.xtec.cat\/acad-cultura\/general\/canvis-al-protocol-covid\/","title":{"rendered":"CANVIS AL PROTOCOL-COVID"},"content":{"rendered":"<p>Avui, primer dia de classes de l&#8217;any, ha canviat lleugerament el protocol a aplicar en cas d&#8217;incid\u00e8ncia de la COVID als centres d&#8217;ensenyament catalans. Us enviem informaci\u00f3 als vostres correus i deixem aqu\u00ed el quadre-resum que ens ha enviat el Departament. Si us plau, extremeu les precaucions i cuideu-vos molt !<\/p>\n<p><a href=\"https:\/\/agora.xtec.cat\/acad-cultura\/wp-content\/uploads\/usu2542\/2022\/01\/Quadre-Salut-100122.jpg\"><img loading=\"lazy\" decoding=\"async\" class=\"alignnone size-full wp-image-1034\" src=\"https:\/\/agora.xtec.cat\/acad-cultura\/wp-content\/uploads\/usu2542\/2022\/01\/Quadre-Salut-100122.jpg\" alt=\"\" width=\"744\" height=\"487\" srcset=\"https:\/\/agora.xtec.cat\/acad-cultura\/wp-content\/uploads\/usu2542\/2022\/01\/Quadre-Salut-100122.jpg 744w, https:\/\/agora.xtec.cat\/acad-cultura\/wp-content\/uploads\/usu2542\/2022\/01\/Quadre-Salut-100122-300x196.jpg 300w\" sizes=\"auto, (max-width: 744px) 100vw, 744px\" \/><\/a><\/p>\n","protected":false},"excerpt":{"rendered":"<p>Avui, primer dia de classes de l&#8217;any, ha canviat lleugerament el protocol a aplicar en cas d&#8217;incid\u00e8ncia de la COVID als centres d&#8217;ensenyament catalans. Us enviem informaci\u00f3 als vostres correus i deixem aqu\u00ed el quadre-resum que ens ha enviat el Departament. Si us plau, extremeu&hellip;  <a href=\"https:\/\/agora.xtec.cat\/acad-cultura\/general\/canvis-al-protocol-covid\/\" title=\"Read CANVIS AL PROTOCOL-COVID\">Llegeix m\u00e9s\u00bb<\/a><\/p>\n","protected":false},"author":4,"featured_media":1034,"comment_status":"open","ping_status":"closed","sticky":false,"template":"","format":"standard","meta":{"_bbp_topic_count":0,"_bbp_reply_count":0,"_bbp_total_topic_count":0,"_bbp_total_reply_count":0,"_bbp_voice_count":0,"_bbp_anonymous_reply_count":0,"_bbp_topic_count_hidden":0,"_bbp_reply_count_hidden":0,"_bbp_forum_subforum_count":0,"footnotes":""},"categories":[1],"tags":[],"class_list":["post-1033","post","type-post","status-publish","format-standard","has-post-thumbnail","hentry","category-general"],"post_mailing_queue_ids":[],"_links":{"self":[{"href":"https:\/\/agora.xtec.cat\/acad-cultura\/wp-json\/wp\/v2\/posts\/1033","targetHints":{"allow":["GET"]}}],"collection":[{"href":"https:\/\/agora.xtec.cat\/acad-cultura\/wp-json\/wp\/v2\/posts"}],"about":[{"href":"https:\/\/agora.xtec.cat\/acad-cultura\/wp-json\/wp\/v2\/types\/post"}],"author":[{"embeddable":true,"href":"https:\/\/agora.xtec.cat\/acad-cultura\/wp-json\/wp\/v2\/users\/4"}],"replies":[{"embeddable":true,"href":"https:\/\/agora.xtec.cat\/acad-cultura\/wp-json\/wp\/v2\/comments?post=1033"}],"version-history":[{"count":3,"href":"https:\/\/agora.xtec.cat\/acad-cultura\/wp-json\/wp\/v2\/posts\/1033\/revisions"}],"predecessor-version":[{"id":1040,"href":"https:\/\/agora.xtec.cat\/acad-cultura\/wp-json\/wp\/v2\/posts\/1033\/revisions\/1040"}],"wp:featuredmedia":[{"embeddable":true,"href":"https:\/\/agora.xtec.cat\/acad-cultura\/wp-json\/wp\/v2\/media\/1034"}],"wp:attachment":[{"href":"https:\/\/agora.xtec.cat\/acad-cultura\/wp-json\/wp\/v2\/media?parent=1033"}],"wp:term":[{"taxonomy":"category","embeddable":true,"href":"https:\/\/agora.xtec.cat\/acad-cultura\/wp-json\/wp\/v2\/categories?post=1033"},{"taxonomy":"post_tag","embeddable":true,"href":"https:\/\/agora.xtec.cat\/acad-cultura\/wp-json\/wp\/v2\/tags?post=1033"}],"curies":[{"name":"wp","href":"https:\/\/api.w.org\/{rel}","templated":true}]}}